{"id":629,"date":"2020-01-06T16:28:22","date_gmt":"2020-01-06T16:28:22","guid":{"rendered":"https:\/\/magazine.belgiancycling.be\/?p=629"},"modified":"2020-02-29T13:34:59","modified_gmt":"2020-02-29T13:34:59","slug":"pourquoi-le-sportif-de-lannee-remco-evenepoel-fait-de-tokyo-son-principal-objectif-de-la-saison","status":"publish","type":"post","link":"https:\/\/magazine.belgiancycling.be\/fr\/pourquoi-le-sportif-de-lannee-remco-evenepoel-fait-de-tokyo-son-principal-objectif-de-la-saison\/","title":{"rendered":"Pourquoi le sportif de l&#8217;ann\u00e9e Remco Evenepoel fait de Tokyo son principal objectif de la saison"},"content":{"rendered":"<p style=\"text-align: justify;\"><span style=\"font-size: 24pt;\"><strong>&#8220;Les Jeux Olympiques sont magiques&#8221;<\/strong><\/span><\/p>\n<p style=\"text-align: justify;\">&#8220;O\u00f9 veux-je \u00eatre bon? A Li\u00e8ge-Bastogne-Li\u00e8ge et au Tour de Lombardie.&#8221; Ce sont les deux les classiques les plus ch\u00e8res \u00e0 Remco Evenepoel. Mais en tant que Champion d&#8217;Europe du contre-la-montre , il a point\u00e9 son marqueur rouge en p\u00e9riode estivale sur les jours o\u00f9 le chrono et la course en ligne olympiques seront disput\u00e9s. Parce que Remco Evenepoel a pris rendez-vous avec les Jeux Olympiques. &#8220;C&#8217;est un \u00e9v\u00e9n\u00e9ment magique&#8221;<\/p>\n<p style=\"text-align: justify;\"><em>\u00a0<\/em><em>Si j&#8217;avais demand\u00e9 au Remco Evenepoel \u00e0 15 ans, quel \u00e9tait le plus grand \u00e9v\u00e9nement sportif auquel un athl\u00e8te veut participer\u00a0? Qu&#8217;aurait-il r\u00e9pondu? Les Jeux Olympiques ou la coupe du monde de football?<\/em><\/p>\n<p style=\"text-align: justify;\"><strong>Remco Evenepoel : <\/strong>&#8220;Quand vous \u00eates un joueur de football, c&#8217;est l&#8217;objectif le plus \u00e9lev\u00e9 que vous pouvez atteindre. Donc le gar\u00e7on que j&#8217;\u00e9tais il y a quatre ans n&#8217;aurait pas h\u00e9sit\u00e9 \u00e0 dire la Coupe du monde de football (rires). Mais le destin a fait en sorte que j&#8217;ai commenc\u00e9 \u00e0 regarder les choses diff\u00e9remment. \u00bb<\/p>\n<p style=\"text-align: justify;\"><em>Si je devais vous donner un choix maintenant: devenir champion du monde de cyclisme ou gagner l&#8217;or olympique? Que choisissez-vous alors?<\/em><\/p>\n<p style=\"text-align: justify;\">&#8220;Champion olympique, sans aucun doute. Les Jeux Olympiques d\u00e9passent le cadre cycliste habituel. Vous faites partie d&#8217;un ensemble plus vaste, vous n&#8217;\u00eates plus dans ce cocon du v\u00e9lo. Vous entrez en contact avec tant d&#8217;autres nouvelles impressions &#8230; Je suis s\u00fbr que cela donnera un sentiment tr\u00e8s diff\u00e9rent. Et supposons que vous puissiez gagner: cette reconnaissance sera \u00e9galement diff\u00e9rente, je suppose. Bien s\u00fbr, en tant que champion du monde, tu re\u00e7ois aussi beaucoup de respect et d&#8217;appr\u00e9ciation, mais je pense toujours qu&#8217;un tel titre olympique signifie plus. Pour moi-m\u00eame et pour le grand public. Si je suis vraiment honn\u00eate: cela me donnerait encore plus de satisfaction.<\/p>\n<p style=\"text-align: justify;\"><em>Si vous\u00a0 remportez le maillot arc-en-ciel, vous \u00eates un grand. Celui qui devient champion olympique est un h\u00e9ros. Que pensez-vous de cette d\u00e9claration?<\/em><\/p>\n<p style=\"text-align: justify;\"><em>\u00a0<\/em>\u00abC&#8217;est peut-\u00eatre un peu exag\u00e9r\u00e9. (Rires) Gagner un titre mondial est aussi incroyablement beau et pr\u00e9cieux. Dans le cyclisme, c&#8217;est le plus haut objectif r\u00e9alisable d&#8217;une saison. Mais les Jeux ont lieu une fois tous les quatre ans. Dans ce cas, vous pouvez vraiment parler d&#8217;une opportunit\u00e9 unique qui ne peut se produire qu&#8217;une seule fois dans votre carri\u00e8re. Je comprends donc que beaucoup de gens estiment davantage une m\u00e9daille aux Jeux Olympiques qu&#8217;un podium aux Mondiaux.\u00a0\u00bb<\/p>\n<p style=\"text-align: justify;\"><em>Qui \u00e9taient tes h\u00e9ros d&#8217;enfance? De joueurs de foot? Des cyclistes? Ou des stars d&#8217;autres sports comme Usain Bolt, par exemple?<\/em><\/p>\n<p style=\"text-align: justify;\">\u00abPas vraiment des joueurs de football, en fait. J&#8217;ai toujours \u00e9t\u00e9 int\u00e9ress\u00e9 par d&#8217;autres sports. Le cyclisme et l&#8217;athl\u00e9tisme, par exemple. Usain Bolt en est un bon exemple. Je peux me rappeler ses victoires sensationnelles aux Jeux Olympiques. J&#8217;adorais ces vedettes. Non seulement Bolt, mais aussi Michael Phelps. Ces deux-l\u00e0 ne sont pas devenues les plus grandes figures de l&#8217;histoire olympique r\u00e9cente par hasard. J&#8217;essayais de m&#8217;en inspirer quand j&#8217;\u00e9tais jeune.<\/p>\n<p style=\"text-align: justify;\"><em>Vous \u00eates champion d&#8217;Europe en titre du contre-la-montre. Non seulement vous avez obtenu un joli maillot, le bonus associ\u00e9 n&#8217;\u00e9tait pas n\u00e9gligeable: un billet pour les Jeux Olympiques de Tokyo.<\/em><\/p>\n<p style=\"text-align: justify;\">\u00ab Je voulais d\u00e9dier les \u00e9toiles de ce maillot europ\u00e9en \u00e0 mes coll\u00e8gues d\u00e9c\u00e9d\u00e9s Stef Loos et Bjorg Lambrecht. En plus de cela, le titre me donnait la certitude d&#8217;une s\u00e9lection olympique. C&#8217;\u00e9tait une raison suppl\u00e9mentaire de me donner deux fois plus, un coup de pouce suppl\u00e9mentaire. Participer aux Jeux Olympiques n&#8217;est pas r\u00e9serv\u00e9 \u00e0 tout le monde. Et quand cela r\u00e9ussit \u00e0 Alkmaar, et que tu as ce billet pour Tokyo en poche &#8230; Je ne le cache pas, je suis vraiment fier d&#8217;y \u00eatre.\u00a0\u00bb<\/p>\n<p style=\"text-align: justify;\"><img decoding=\"async\" class=\"size-full wp-image-627\" src=\"https:\/\/magazine.belgiancycling.be\/wp-content\/uploads\/2020\/01\/PHOTONEWS_10816069-003.jpg\" alt=\"\" width=\"2560\" height=\"1704\" \/><\/p>\n<p style=\"text-align: justify;\">\n<p style=\"text-align: justify;\"><em>Et depuis ce jour, quelque chose a chang\u00e9 dans votre emploi du temps. Parce que vous allez vraiment faire des Jeux Olympiques un objectif.<\/em><\/p>\n<p style=\"text-align: justify;\">\u00abAbsolument. Si vous avez la chance d&#8217;aller \u00e0 Tokyo et que vous savez que le parcours sera difficile tant le chrono que la course en ligne \u2013 qui semble te convenir, alors pourquoi ne pas s&#8217;y consacrer \u00e0 100%\u00a0? On ne sait jamais. C&#8217;est d\u00e9j\u00e0 un peu dans mon esprit, m\u00eame avant les Championnats d&#8217;Europe d\u00e9j\u00e0. Mais maintenant que je suis s\u00fbr d&#8217;y \u00eatre&#8230; Focus total. Je sais pourquoi j&#8217;ai travaill\u00e9 tr\u00e8s dur cet hiver. Pour \u00eatre bon l\u00e0-bas. &#8220;<\/p>\n<p style=\"text-align: justify;\"><em>Ainsi, la mise en place de l&#8217;ann\u00e9e 2020 ne sera probablement pas un copier-coller de la saison \u00e9coul\u00e9e\u00a0?<\/em><\/p>\n<p style=\"text-align: justify;\">\u00abLe travail sera diff\u00e9rent, surtout au cours des deux mois pr\u00e9c\u00e9dant les Jeux olympiques. Des plans qui ont \u00e9t\u00e9 \u00e9tablis il y a un certain temps. Par exemple, l&#8217;adaptation au climat devient tr\u00e8s importante. Nous avons d\u00e9j\u00e0 explor\u00e9 quelques options \u00e0 cet \u00e9gard. L&#8217;entrainement se fera diff\u00e9remment, plus pr\u00e9cis\u00e9ment. Certaines comp\u00e9titions seront abandonn\u00e9es, par exemple. Mais en consultation avec l&#8217;\u00e9quipe, nous avons \u00e9labor\u00e9 un planning de r\u00eave. La pr\u00e9paration sera parfaite. Du moins, je l&#8217;esp\u00e8re.\u00a0\u00bb<\/p>\n<p style=\"text-align: justify;\"><em>Le chrono et la course en ligne seront-ils tout aussi importants pour vous \u00e0 Tokyo? Ou visez-vous le <\/em><em>contre la montre, parce que vous devez moins tenir compte des facteurs externes comme la concurrence?<\/em><\/p>\n<p style=\"text-align: justify;\">&#8220;Si je me consid\u00e8re capable de faire aussi bien dans les deux disciplines, alors l&#8217;importance sera automatiquement identique. Je vivrai juste au jour le jour au Japon. Je fais un r\u00e9sultat sur la course en ligne. Fantastique! Cela ne marche pas ? Dommage! Mais dans les deux cas, j\u2019encha\u00eenerai imm\u00e9diatement et je me concentrai sur le contre-la-montre. Cela se fera pas \u00e0 pas. Vous ne pouvez pas vous concentrer sur deux choses en m\u00eame temps l\u00e0-bas. Ensuite, vous n\u00e9gligez les d\u00e9tails, et c&#8217;est pr\u00e9cis\u00e9ment ces petites choses o\u00f9 peut na\u00eetre la diff\u00e9rence entre gains et pertes.&#8221;<\/p>\n<p style=\"text-align: justify;\"><iframe src=\"\/\/www.youtube.com\/embed\/XpRYNUxumBE\" width=\"560\" height=\"315\" frameborder=\"0\" allowfullscreen=\"allowfullscreen\"><\/iframe><\/p>\n<p style=\"text-align: justify;\"><strong>Texte: Guy Vermeiren<\/strong><br \/>\n<strong>Traduction: James Odvart<\/strong><br \/>\n<strong>Video: Facepeeters<\/strong><\/p>\n","protected":false},"excerpt":{"rendered":"<p>&#8220;Les Jeux Olympiques sont magiques&#8221; &#8220;O\u00f9 veux-je \u00eatre bon? A Li\u00e8ge-Bastogne-Li\u00e8ge et au Tour de Lombardie.&#8221; Ce sont les deux les classiques les plus ch\u00e8res \u00e0 Remco Evenepoel. Mais en tant que Champion d&#8217;Europe du contre-la-montre , il a point\u00e9 son marqueur rouge en p\u00e9riode estivale sur les jours o\u00f9 le chrono et la course&#8230;<\/p>\n","protected":false},"author":7,"featured_media":625,"comment_status":"closed","ping_status":"closed","sticky":false,"template":"","format":"standard","meta":{"_acf_changed":false,"footnotes":""},"categories":[23,25,12,32],"tags":[],"class_list":["post-629","post","type-post","status-publish","format-standard","has-post-thumbnail","hentry","category-general","category-highlights-fr","category-nouvelles","category-route"],"acf":[],"yoast_head":"<!-- This site is optimized with the Yoast SEO plugin v27.4 - https:\/\/yoast.com\/product\/yoast-seo-wordpress\/ -->\n<title>Pourquoi le sportif de l&#039;ann\u00e9e Remco Evenepoel fait de Tokyo son principal objectif de la saison - Belgian Cycling<\/title>\n<meta name=\"robots\" content=\"index, follow, max-snippet:-1, max-image-preview:large, max-video-preview:-1\" \/>\n<link rel=\"canonical\" href=\"https:\/\/magazine.belgiancycling.be\/fr\/pourquoi-le-sportif-de-lannee-remco-evenepoel-fait-de-tokyo-son-principal-objectif-de-la-saison\/\" \/>\n<meta property=\"og:locale\" content=\"fr_FR\" \/>\n<meta property=\"og:type\" content=\"article\" \/>\n<meta property=\"og:title\" content=\"Pourquoi le sportif de l&#039;ann\u00e9e Remco Evenepoel fait de Tokyo son principal objectif de la saison - Belgian Cycling\" \/>\n<meta property=\"og:description\" content=\"&#8220;Les Jeux Olympiques sont magiques&#8221; &#8220;O\u00f9 veux-je \u00eatre bon? A Li\u00e8ge-Bastogne-Li\u00e8ge et au Tour de Lombardie.&#8221; Ce sont les deux les classiques les plus ch\u00e8res \u00e0 Remco Evenepoel. Mais en tant que Champion d&#8217;Europe du contre-la-montre , il a point\u00e9 son marqueur rouge en p\u00e9riode estivale sur les jours o\u00f9 le chrono et la course...\" \/>\n<meta property=\"og:url\" content=\"https:\/\/magazine.belgiancycling.be\/fr\/pourquoi-le-sportif-de-lannee-remco-evenepoel-fait-de-tokyo-son-principal-objectif-de-la-saison\/\" \/>\n<meta property=\"og:site_name\" content=\"Belgian Cycling\" \/>\n<meta property=\"article:published_time\" content=\"2020-01-06T16:28:22+00:00\" \/>\n<meta property=\"article:modified_time\" content=\"2020-02-29T13:34:59+00:00\" \/>\n<meta property=\"og:image\" content=\"https:\/\/magazine.belgiancycling.be\/wp-content\/uploads\/2020\/01\/PHOTONEWS_10828332-150.jpg\" \/>\n\t<meta property=\"og:image:width\" content=\"2560\" \/>\n\t<meta property=\"og:image:height\" content=\"1707\" \/>\n\t<meta property=\"og:image:type\" content=\"image\/jpeg\" \/>\n<meta name=\"author\" content=\"rob\" \/>\n<meta name=\"twitter:card\" content=\"summary_large_image\" \/>\n<meta name=\"twitter:label1\" content=\"\u00c9crit par\" \/>\n\t<meta name=\"twitter:data1\" content=\"rob\" \/>\n\t<meta name=\"twitter:label2\" content=\"Dur\u00e9e de lecture estim\u00e9e\" \/>\n\t<meta name=\"twitter:data2\" content=\"5 minutes\" \/>\n<script type=\"application\/ld+json\" class=\"yoast-schema-graph\">{\"@context\":\"https:\\\/\\\/schema.org\",\"@graph\":[{\"@type\":\"Article\",\"@id\":\"https:\\\/\\\/magazine.belgiancycling.be\\\/fr\\\/pourquoi-le-sportif-de-lannee-remco-evenepoel-fait-de-tokyo-son-principal-objectif-de-la-saison\\\/#article\",\"isPartOf\":{\"@id\":\"https:\\\/\\\/magazine.belgiancycling.be\\\/fr\\\/pourquoi-le-sportif-de-lannee-remco-evenepoel-fait-de-tokyo-son-principal-objectif-de-la-saison\\\/\"},\"author\":{\"name\":\"rob\",\"@id\":\"https:\\\/\\\/magazine.belgiancycling.be\\\/fr\\\/#\\\/schema\\\/person\\\/4236137dfbd595cdb7e11946d5b70a27\"},\"headline\":\"Pourquoi le sportif de l&#8217;ann\u00e9e Remco Evenepoel fait de Tokyo son principal objectif de la saison\",\"datePublished\":\"2020-01-06T16:28:22+00:00\",\"dateModified\":\"2020-02-29T13:34:59+00:00\",\"mainEntityOfPage\":{\"@id\":\"https:\\\/\\\/magazine.belgiancycling.be\\\/fr\\\/pourquoi-le-sportif-de-lannee-remco-evenepoel-fait-de-tokyo-son-principal-objectif-de-la-saison\\\/\"},\"wordCount\":1016,\"publisher\":{\"@id\":\"https:\\\/\\\/magazine.belgiancycling.be\\\/fr\\\/#organization\"},\"image\":{\"@id\":\"https:\\\/\\\/magazine.belgiancycling.be\\\/fr\\\/pourquoi-le-sportif-de-lannee-remco-evenepoel-fait-de-tokyo-son-principal-objectif-de-la-saison\\\/#primaryimage\"},\"thumbnailUrl\":\"https:\\\/\\\/magazine.belgiancycling.be\\\/wp-content\\\/uploads\\\/2020\\\/01\\\/PHOTONEWS_10828332-150.jpg\",\"articleSection\":[\"g\u00e9n\u00e9ral\",\"highlights\",\"Nouvelles\",\"route\"],\"inLanguage\":\"fr-FR\"},{\"@type\":\"WebPage\",\"@id\":\"https:\\\/\\\/magazine.belgiancycling.be\\\/fr\\\/pourquoi-le-sportif-de-lannee-remco-evenepoel-fait-de-tokyo-son-principal-objectif-de-la-saison\\\/\",\"url\":\"https:\\\/\\\/magazine.belgiancycling.be\\\/fr\\\/pourquoi-le-sportif-de-lannee-remco-evenepoel-fait-de-tokyo-son-principal-objectif-de-la-saison\\\/\",\"name\":\"Pourquoi le sportif de l'ann\u00e9e Remco Evenepoel fait de Tokyo son principal objectif de la saison - Belgian Cycling\",\"isPartOf\":{\"@id\":\"https:\\\/\\\/magazine.belgiancycling.be\\\/fr\\\/#website\"},\"primaryImageOfPage\":{\"@id\":\"https:\\\/\\\/magazine.belgiancycling.be\\\/fr\\\/pourquoi-le-sportif-de-lannee-remco-evenepoel-fait-de-tokyo-son-principal-objectif-de-la-saison\\\/#primaryimage\"},\"image\":{\"@id\":\"https:\\\/\\\/magazine.belgiancycling.be\\\/fr\\\/pourquoi-le-sportif-de-lannee-remco-evenepoel-fait-de-tokyo-son-principal-objectif-de-la-saison\\\/#primaryimage\"},\"thumbnailUrl\":\"https:\\\/\\\/magazine.belgiancycling.be\\\/wp-content\\\/uploads\\\/2020\\\/01\\\/PHOTONEWS_10828332-150.jpg\",\"datePublished\":\"2020-01-06T16:28:22+00:00\",\"dateModified\":\"2020-02-29T13:34:59+00:00\",\"breadcrumb\":{\"@id\":\"https:\\\/\\\/magazine.belgiancycling.be\\\/fr\\\/pourquoi-le-sportif-de-lannee-remco-evenepoel-fait-de-tokyo-son-principal-objectif-de-la-saison\\\/#breadcrumb\"},\"inLanguage\":\"fr-FR\",\"potentialAction\":[{\"@type\":\"ReadAction\",\"target\":[\"https:\\\/\\\/magazine.belgiancycling.be\\\/fr\\\/pourquoi-le-sportif-de-lannee-remco-evenepoel-fait-de-tokyo-son-principal-objectif-de-la-saison\\\/\"]}]},{\"@type\":\"ImageObject\",\"inLanguage\":\"fr-FR\",\"@id\":\"https:\\\/\\\/magazine.belgiancycling.be\\\/fr\\\/pourquoi-le-sportif-de-lannee-remco-evenepoel-fait-de-tokyo-son-principal-objectif-de-la-saison\\\/#primaryimage\",\"url\":\"https:\\\/\\\/magazine.belgiancycling.be\\\/wp-content\\\/uploads\\\/2020\\\/01\\\/PHOTONEWS_10828332-150.jpg\",\"contentUrl\":\"https:\\\/\\\/magazine.belgiancycling.be\\\/wp-content\\\/uploads\\\/2020\\\/01\\\/PHOTONEWS_10828332-150.jpg\",\"width\":2560,\"height\":1707,\"caption\":\"HARROGATE, GREAT BRITAIN - SEPTEMBER 25 : EVENEPOEL Remco (BEL) pictured with his silver medal during the podium ceremony after the Men Elite Individual Time Trial with start in Northallerton and finish in Harrogate (54km) on day 4 of the 2019 World Road Championships Cycling on September 25, 2019 in Harrogate, Great Britain, 25\\\/09\\\/2019 ( Photo by Nico Vereecken \\\/ Photonews\"},{\"@type\":\"BreadcrumbList\",\"@id\":\"https:\\\/\\\/magazine.belgiancycling.be\\\/fr\\\/pourquoi-le-sportif-de-lannee-remco-evenepoel-fait-de-tokyo-son-principal-objectif-de-la-saison\\\/#breadcrumb\",\"itemListElement\":[{\"@type\":\"ListItem\",\"position\":1,\"name\":\"Home\",\"item\":\"https:\\\/\\\/magazine.belgiancycling.be\\\/fr\\\/\"},{\"@type\":\"ListItem\",\"position\":2,\"name\":\"Pourquoi le sportif de l&#8217;ann\u00e9e Remco Evenepoel fait de Tokyo son principal objectif de la saison\"}]},{\"@type\":\"WebSite\",\"@id\":\"https:\\\/\\\/magazine.belgiancycling.be\\\/fr\\\/#website\",\"url\":\"https:\\\/\\\/magazine.belgiancycling.be\\\/fr\\\/\",\"name\":\"Belgian Cycling\",\"description\":\"\",\"publisher\":{\"@id\":\"https:\\\/\\\/magazine.belgiancycling.be\\\/fr\\\/#organization\"},\"potentialAction\":[{\"@type\":\"SearchAction\",\"target\":{\"@type\":\"EntryPoint\",\"urlTemplate\":\"https:\\\/\\\/magazine.belgiancycling.be\\\/fr\\\/?s={search_term_string}\"},\"query-input\":{\"@type\":\"PropertyValueSpecification\",\"valueRequired\":true,\"valueName\":\"search_term_string\"}}],\"inLanguage\":\"fr-FR\"},{\"@type\":\"Organization\",\"@id\":\"https:\\\/\\\/magazine.belgiancycling.be\\\/fr\\\/#organization\",\"name\":\"Belgian Cycling\",\"url\":\"https:\\\/\\\/magazine.belgiancycling.be\\\/fr\\\/\",\"logo\":{\"@type\":\"ImageObject\",\"inLanguage\":\"fr-FR\",\"@id\":\"https:\\\/\\\/magazine.belgiancycling.be\\\/fr\\\/#\\\/schema\\\/logo\\\/image\\\/\",\"url\":\"https:\\\/\\\/magazine.belgiancycling.be\\\/wp-content\\\/uploads\\\/2019\\\/04\\\/20190506_Logo-2.png\",\"contentUrl\":\"https:\\\/\\\/magazine.belgiancycling.be\\\/wp-content\\\/uploads\\\/2019\\\/04\\\/20190506_Logo-2.png\",\"width\":750,\"height\":385,\"caption\":\"Belgian Cycling\"},\"image\":{\"@id\":\"https:\\\/\\\/magazine.belgiancycling.be\\\/fr\\\/#\\\/schema\\\/logo\\\/image\\\/\"}},{\"@type\":\"Person\",\"@id\":\"https:\\\/\\\/magazine.belgiancycling.be\\\/fr\\\/#\\\/schema\\\/person\\\/4236137dfbd595cdb7e11946d5b70a27\",\"name\":\"rob\",\"image\":{\"@type\":\"ImageObject\",\"inLanguage\":\"fr-FR\",\"@id\":\"https:\\\/\\\/secure.gravatar.com\\\/avatar\\\/2d56631644e147d11ac518db1c44c235a10da750a3ba84297045be1b069c83f3?s=96&d=mm&r=g\",\"url\":\"https:\\\/\\\/secure.gravatar.com\\\/avatar\\\/2d56631644e147d11ac518db1c44c235a10da750a3ba84297045be1b069c83f3?s=96&d=mm&r=g\",\"contentUrl\":\"https:\\\/\\\/secure.gravatar.com\\\/avatar\\\/2d56631644e147d11ac518db1c44c235a10da750a3ba84297045be1b069c83f3?s=96&d=mm&r=g\",\"caption\":\"rob\"},\"url\":\"https:\\\/\\\/magazine.belgiancycling.be\\\/fr\\\/author\\\/rob\\\/\"}]}<\/script>\n<!-- \/ Yoast SEO plugin. -->","yoast_head_json":{"title":"Pourquoi le sportif de l'ann\u00e9e Remco Evenepoel fait de Tokyo son principal objectif de la saison - Belgian Cycling","robots":{"index":"index","follow":"follow","max-snippet":"max-snippet:-1","max-image-preview":"max-image-preview:large","max-video-preview":"max-video-preview:-1"},"canonical":"https:\/\/magazine.belgiancycling.be\/fr\/pourquoi-le-sportif-de-lannee-remco-evenepoel-fait-de-tokyo-son-principal-objectif-de-la-saison\/","og_locale":"fr_FR","og_type":"article","og_title":"Pourquoi le sportif de l'ann\u00e9e Remco Evenepoel fait de Tokyo son principal objectif de la saison - Belgian Cycling","og_description":"&#8220;Les Jeux Olympiques sont magiques&#8221; &#8220;O\u00f9 veux-je \u00eatre bon? A Li\u00e8ge-Bastogne-Li\u00e8ge et au Tour de Lombardie.&#8221; Ce sont les deux les classiques les plus ch\u00e8res \u00e0 Remco Evenepoel. Mais en tant que Champion d&#8217;Europe du contre-la-montre , il a point\u00e9 son marqueur rouge en p\u00e9riode estivale sur les jours o\u00f9 le chrono et la course...","og_url":"https:\/\/magazine.belgiancycling.be\/fr\/pourquoi-le-sportif-de-lannee-remco-evenepoel-fait-de-tokyo-son-principal-objectif-de-la-saison\/","og_site_name":"Belgian Cycling","article_published_time":"2020-01-06T16:28:22+00:00","article_modified_time":"2020-02-29T13:34:59+00:00","og_image":[{"width":2560,"height":1707,"url":"https:\/\/magazine.belgiancycling.be\/wp-content\/uploads\/2020\/01\/PHOTONEWS_10828332-150.jpg","type":"image\/jpeg"}],"author":"rob","twitter_card":"summary_large_image","twitter_misc":{"\u00c9crit par":"rob","Dur\u00e9e de lecture estim\u00e9e":"5 minutes"},"schema":{"@context":"https:\/\/schema.org","@graph":[{"@type":"Article","@id":"https:\/\/magazine.belgiancycling.be\/fr\/pourquoi-le-sportif-de-lannee-remco-evenepoel-fait-de-tokyo-son-principal-objectif-de-la-saison\/#article","isPartOf":{"@id":"https:\/\/magazine.belgiancycling.be\/fr\/pourquoi-le-sportif-de-lannee-remco-evenepoel-fait-de-tokyo-son-principal-objectif-de-la-saison\/"},"author":{"name":"rob","@id":"https:\/\/magazine.belgiancycling.be\/fr\/#\/schema\/person\/4236137dfbd595cdb7e11946d5b70a27"},"headline":"Pourquoi le sportif de l&#8217;ann\u00e9e Remco Evenepoel fait de Tokyo son principal objectif de la saison","datePublished":"2020-01-06T16:28:22+00:00","dateModified":"2020-02-29T13:34:59+00:00","mainEntityOfPage":{"@id":"https:\/\/magazine.belgiancycling.be\/fr\/pourquoi-le-sportif-de-lannee-remco-evenepoel-fait-de-tokyo-son-principal-objectif-de-la-saison\/"},"wordCount":1016,"publisher":{"@id":"https:\/\/magazine.belgiancycling.be\/fr\/#organization"},"image":{"@id":"https:\/\/magazine.belgiancycling.be\/fr\/pourquoi-le-sportif-de-lannee-remco-evenepoel-fait-de-tokyo-son-principal-objectif-de-la-saison\/#primaryimage"},"thumbnailUrl":"https:\/\/magazine.belgiancycling.be\/wp-content\/uploads\/2020\/01\/PHOTONEWS_10828332-150.jpg","articleSection":["g\u00e9n\u00e9ral","highlights","Nouvelles","route"],"inLanguage":"fr-FR"},{"@type":"WebPage","@id":"https:\/\/magazine.belgiancycling.be\/fr\/pourquoi-le-sportif-de-lannee-remco-evenepoel-fait-de-tokyo-son-principal-objectif-de-la-saison\/","url":"https:\/\/magazine.belgiancycling.be\/fr\/pourquoi-le-sportif-de-lannee-remco-evenepoel-fait-de-tokyo-son-principal-objectif-de-la-saison\/","name":"Pourquoi le sportif de l'ann\u00e9e Remco Evenepoel fait de Tokyo son principal objectif de la saison - Belgian Cycling","isPartOf":{"@id":"https:\/\/magazine.belgiancycling.be\/fr\/#website"},"primaryImageOfPage":{"@id":"https:\/\/magazine.belgiancycling.be\/fr\/pourquoi-le-sportif-de-lannee-remco-evenepoel-fait-de-tokyo-son-principal-objectif-de-la-saison\/#primaryimage"},"image":{"@id":"https:\/\/magazine.belgiancycling.be\/fr\/pourquoi-le-sportif-de-lannee-remco-evenepoel-fait-de-tokyo-son-principal-objectif-de-la-saison\/#primaryimage"},"thumbnailUrl":"https:\/\/magazine.belgiancycling.be\/wp-content\/uploads\/2020\/01\/PHOTONEWS_10828332-150.jpg","datePublished":"2020-01-06T16:28:22+00:00","dateModified":"2020-02-29T13:34:59+00:00","breadcrumb":{"@id":"https:\/\/magazine.belgiancycling.be\/fr\/pourquoi-le-sportif-de-lannee-remco-evenepoel-fait-de-tokyo-son-principal-objectif-de-la-saison\/#breadcrumb"},"inLanguage":"fr-FR","potentialAction":[{"@type":"ReadAction","target":["https:\/\/magazine.belgiancycling.be\/fr\/pourquoi-le-sportif-de-lannee-remco-evenepoel-fait-de-tokyo-son-principal-objectif-de-la-saison\/"]}]},{"@type":"ImageObject","inLanguage":"fr-FR","@id":"https:\/\/magazine.belgiancycling.be\/fr\/pourquoi-le-sportif-de-lannee-remco-evenepoel-fait-de-tokyo-son-principal-objectif-de-la-saison\/#primaryimage","url":"https:\/\/magazine.belgiancycling.be\/wp-content\/uploads\/2020\/01\/PHOTONEWS_10828332-150.jpg","contentUrl":"https:\/\/magazine.belgiancycling.be\/wp-content\/uploads\/2020\/01\/PHOTONEWS_10828332-150.jpg","width":2560,"height":1707,"caption":"HARROGATE, GREAT BRITAIN - SEPTEMBER 25 : EVENEPOEL Remco (BEL) pictured with his silver medal during the podium ceremony after the Men Elite Individual Time Trial with start in Northallerton and finish in Harrogate (54km) on day 4 of the 2019 World Road Championships Cycling on September 25, 2019 in Harrogate, Great Britain, 25\/09\/2019 ( Photo by Nico Vereecken \/ Photonews"},{"@type":"BreadcrumbList","@id":"https:\/\/magazine.belgiancycling.be\/fr\/pourquoi-le-sportif-de-lannee-remco-evenepoel-fait-de-tokyo-son-principal-objectif-de-la-saison\/#breadcrumb","itemListElement":[{"@type":"ListItem","position":1,"name":"Home","item":"https:\/\/magazine.belgiancycling.be\/fr\/"},{"@type":"ListItem","position":2,"name":"Pourquoi le sportif de l&#8217;ann\u00e9e Remco Evenepoel fait de Tokyo son principal objectif de la saison"}]},{"@type":"WebSite","@id":"https:\/\/magazine.belgiancycling.be\/fr\/#website","url":"https:\/\/magazine.belgiancycling.be\/fr\/","name":"Belgian Cycling","description":"","publisher":{"@id":"https:\/\/magazine.belgiancycling.be\/fr\/#organization"},"potentialAction":[{"@type":"SearchAction","target":{"@type":"EntryPoint","urlTemplate":"https:\/\/magazine.belgiancycling.be\/fr\/?s={search_term_string}"},"query-input":{"@type":"PropertyValueSpecification","valueRequired":true,"valueName":"search_term_string"}}],"inLanguage":"fr-FR"},{"@type":"Organization","@id":"https:\/\/magazine.belgiancycling.be\/fr\/#organization","name":"Belgian Cycling","url":"https:\/\/magazine.belgiancycling.be\/fr\/","logo":{"@type":"ImageObject","inLanguage":"fr-FR","@id":"https:\/\/magazine.belgiancycling.be\/fr\/#\/schema\/logo\/image\/","url":"https:\/\/magazine.belgiancycling.be\/wp-content\/uploads\/2019\/04\/20190506_Logo-2.png","contentUrl":"https:\/\/magazine.belgiancycling.be\/wp-content\/uploads\/2019\/04\/20190506_Logo-2.png","width":750,"height":385,"caption":"Belgian Cycling"},"image":{"@id":"https:\/\/magazine.belgiancycling.be\/fr\/#\/schema\/logo\/image\/"}},{"@type":"Person","@id":"https:\/\/magazine.belgiancycling.be\/fr\/#\/schema\/person\/4236137dfbd595cdb7e11946d5b70a27","name":"rob","image":{"@type":"ImageObject","inLanguage":"fr-FR","@id":"https:\/\/secure.gravatar.com\/avatar\/2d56631644e147d11ac518db1c44c235a10da750a3ba84297045be1b069c83f3?s=96&d=mm&r=g","url":"https:\/\/secure.gravatar.com\/avatar\/2d56631644e147d11ac518db1c44c235a10da750a3ba84297045be1b069c83f3?s=96&d=mm&r=g","contentUrl":"https:\/\/secure.gravatar.com\/avatar\/2d56631644e147d11ac518db1c44c235a10da750a3ba84297045be1b069c83f3?s=96&d=mm&r=g","caption":"rob"},"url":"https:\/\/magazine.belgiancycling.be\/fr\/author\/rob\/"}]}},"_links":{"self":[{"href":"https:\/\/magazine.belgiancycling.be\/fr\/wp-json\/wp\/v2\/posts\/629","targetHints":{"allow":["GET"]}}],"collection":[{"href":"https:\/\/magazine.belgiancycling.be\/fr\/wp-json\/wp\/v2\/posts"}],"about":[{"href":"https:\/\/magazine.belgiancycling.be\/fr\/wp-json\/wp\/v2\/types\/post"}],"author":[{"embeddable":true,"href":"https:\/\/magazine.belgiancycling.be\/fr\/wp-json\/wp\/v2\/users\/7"}],"replies":[{"embeddable":true,"href":"https:\/\/magazine.belgiancycling.be\/fr\/wp-json\/wp\/v2\/comments?post=629"}],"version-history":[{"count":5,"href":"https:\/\/magazine.belgiancycling.be\/fr\/wp-json\/wp\/v2\/posts\/629\/revisions"}],"predecessor-version":[{"id":766,"href":"https:\/\/magazine.belgiancycling.be\/fr\/wp-json\/wp\/v2\/posts\/629\/revisions\/766"}],"wp:featuredmedia":[{"embeddable":true,"href":"https:\/\/magazine.belgiancycling.be\/fr\/wp-json\/wp\/v2\/media\/625"}],"wp:attachment":[{"href":"https:\/\/magazine.belgiancycling.be\/fr\/wp-json\/wp\/v2\/media?parent=629"}],"wp:term":[{"taxonomy":"category","embeddable":true,"href":"https:\/\/magazine.belgiancycling.be\/fr\/wp-json\/wp\/v2\/categories?post=629"},{"taxonomy":"post_tag","embeddable":true,"href":"https:\/\/magazine.belgiancycling.be\/fr\/wp-json\/wp\/v2\/tags?post=629"}],"curies":[{"name":"wp","href":"https:\/\/api.w.org\/{rel}","templated":true}]}}