{"id":589,"date":"2019-10-16T07:42:17","date_gmt":"2019-10-16T07:42:17","guid":{"rendered":"https:\/\/magazine.belgiancycling.be\/?p=589"},"modified":"2020-02-29T13:28:44","modified_gmt":"2020-02-29T13:28:44","slug":"le-champion-de-belgique-toon-aerts-attend-plus-de-lui-meme-cette-saison","status":"publish","type":"post","link":"https:\/\/magazine.belgiancycling.be\/fr\/le-champion-de-belgique-toon-aerts-attend-plus-de-lui-meme-cette-saison\/","title":{"rendered":"Le Champion de Belgique Toon Aerts attend plus de lui-m\u00eame cette saison"},"content":{"rendered":"<h1 style=\"text-align: justify;\"><strong>\u201cMoins de podiums, plus de victoires\u201d<\/strong><\/h1>\n<p style=\"text-align: justify;\"><strong>Que souhaite le champion de Belgique Toon Aerts, maintenant que la saison de cyclo-cross commence vraiment? Une campagne sans creux conditionnel, avant tout. Et bien figurer dans les diff\u00e9rents classements, alors qu\u2019il tient \u00e0 conserver ce petit avantage? pour les championnats. Plus l&#8217;aide de la m\u00e9t\u00e9o, si possible. &#8220;Le soleil pendant la semaine quand je vais \u00e0 l&#8217;entrainement, et de vendredi apr\u00e8s-midi au dimanche soir, de grosses averses.&#8221;<\/strong><\/p>\n<p style=\"text-align: justify;\">Toon Aerts a disput\u00e9 deux manches de Coupe du Monde et deux autres cross. Gagner n&#8217;y est pas encore, mais il ne s&#8217;est pas compl\u00e8tement plant\u00e9. L&#8217; assurance sereine donne le ton. Malgr\u00e9 le fait que tout le monde attend soudainement beaucoup plus du Champion de Belgique. Surtout parce que la phase de d\u00e9marrage de la saison se passe sans la pr\u00e9sence des num\u00e9ros un et deux du classement UCI. Un \u00e9tat de choses qui ne l&#8217;inspire pas vraiment \u00e0 faire de grandes d\u00e9clarations. &#8220;Je pense avoir eu \u00e0 r\u00e9pondre \u00e0 une centaine de questions sur cette bataille. La ran\u00e7on de la gloire, certainement ? Depuis que je suis Champion de Belgique, il me semble que je dois avoir une opinion sur quelque chose, toujours et partout. Un exemple? Comment diable puis-je pr\u00e9dire si l&#8217;absence de Wout van Aert et de Mathieu van der Poel aura un impact sur l&#8217;int\u00e9r\u00eat du public? En ce moment, on me pose ce type de questions. L\u2019exp\u00e9rience montre que c&#8217;est toujours incertain en d\u00e9but de saison, m\u00eame si Wout et Mathieu y participent. Ce n&#8217;est que vers la fin de l&#8217;ann\u00e9e que le public arrive toujours en masse. Cela n&#8217;a jamais \u00e9t\u00e9 diff\u00e9rent \u00e0 mes yeux.&#8221;<\/p>\n<p style=\"text-align: justify;\"><img decoding=\"async\" class=\"size-full wp-image-575\" src=\"https:\/\/magazine.belgiancycling.be\/wp-content\/uploads\/2019\/10\/PHOTONEWS_10822744-031.jpg\" alt=\"\" width=\"3072\" height=\"2048\" srcset=\"https:\/\/magazine.belgiancycling.be\/wp-content\/uploads\/2019\/10\/PHOTONEWS_10822744-031.jpg 3072w, https:\/\/magazine.belgiancycling.be\/wp-content\/uploads\/2019\/10\/PHOTONEWS_10822744-031-300x200.jpg 300w, https:\/\/magazine.belgiancycling.be\/wp-content\/uploads\/2019\/10\/PHOTONEWS_10822744-031-1024x683.jpg 1024w\" sizes=\"(max-width: 3072px) 100vw, 3072px\" \/><\/p>\n<p style=\"text-align: justify;\"><strong>Des hautes attentes<\/strong><\/p>\n<p style=\"text-align: justify;\">Que Toon Aerts le veuille ou non, l\u2019augmentation du statut de la\u00a0 saison fantastique de l\u2019ann\u00e9e derni\u00e8re implique automatiquement que seule la victoire semble suffisante pour le Campinois de Telenet Baloise Lions. \u00abJe me rends compte que tout le monde attend maintenant plus de moi. Ce n&#8217;est m\u00eame pas anormal, parce que je l&#8217;esp\u00e8re aussi. Si je me contentais d&#8217;une progression dans les r\u00e9sultats de la saison derni\u00e8re, peu importe la qualit\u00e9 de mes performances, cela n&#8217;aurait gu\u00e8re d&#8217;ambition. L&#8217;ann\u00e9e derni\u00e8re, je suis mont\u00e9 32 fois sur le podium d&#8217; un cyclo-cross. Je l&#8217;ai manqu\u00e9 seulement \u00e0 six reprises Et pourtant, il peut y avoir de la place encore pour am\u00e9liorer le bilan. Par exemple, en \u00e9changeant des places d\u2019honneur contre des victoires suppl\u00e9mentaires. En tant que sportif, vous devez toujours vous efforcer de viser plus haut.\u00a0\u00bb<\/p>\n<p style=\"text-align: justify;\">Toon Aerts ne croit pas que les prochaines semaines se r\u00e9sumeront \u00e0 une promenade de sant\u00e9. Cela d\u00e9shonorerait la concurrence. \u00abTout d\u2019abord: mon niveau de condition physique est suffisant pour jouer le podium de chaque cross auquel je participe. Mais qui me dit qu\u2019un rival n&#8217;a pas cibl\u00e9 le d\u00e9but de saison pour profiter de l\u2019absence de Wout et de Mathieu pour en gagner une belle? Je me rends compte que les tr\u00e8s grandes courses ne commencent qu&#8217;\u00e0 partir du Koppenbergcross, mais peut-\u00eatre que tout le monde ne pense pas la m\u00eame chose, qui sait?<\/p>\n<p style=\"text-align: justify;\"><img decoding=\"async\" class=\"size-full wp-image-573\" src=\"https:\/\/magazine.belgiancycling.be\/wp-content\/uploads\/2019\/10\/PHOTONEWS_10831057-075.jpg\" alt=\"\" width=\"5192\" height=\"3462\" srcset=\"https:\/\/magazine.belgiancycling.be\/wp-content\/uploads\/2019\/10\/PHOTONEWS_10831057-075.jpg 5192w, https:\/\/magazine.belgiancycling.be\/wp-content\/uploads\/2019\/10\/PHOTONEWS_10831057-075-300x200.jpg 300w, https:\/\/magazine.belgiancycling.be\/wp-content\/uploads\/2019\/10\/PHOTONEWS_10831057-075-1024x683.jpg 1024w\" sizes=\"(max-width: 5192px) 100vw, 5192px\" \/><\/p>\n<p style=\"text-align: justify;\"><strong>Pas de grands changements<\/strong><\/p>\n<p style=\"text-align: justify;\">Et pourtant &#8230; Etant donn\u00e9 que la campagne pr\u00e9c\u00e9dente fut si bonne, un copier-coller a \u00e9t\u00e9 appliqu\u00e9 ces derniers mois en ce qui concerne la pr\u00e9paration de la nouvelle saison de cyclo-cross. \u00abTu ne dois pas changer une formule gagnante. Bien s\u00fbr, vous ajustez toujours quelques petites choses ici et l\u00e0, car le b\u00e9n\u00e9fice que vous esp\u00e9rez r\u00e9aliser se trouve souvent dans les d\u00e9tails. Par exemple, j\u2019ai l\u00e9g\u00e8rement avanc\u00e9 mes chaussures \u00e0 crampons sur la semelle, car des tests ont montr\u00e9 que j\u2019obtiendrais une meilleure position sur la machine. Ce n\u2019\u00e9tait pas si mal \u00e0 l\u2019entra\u00eenement cet \u00e9t\u00e9, mais c\u2019est seulement quand on fait plusieurs cross dans cette configuration que l\u2019on peut vraiment dire si cela fonctionne vraiment. Juste pour dire: en tant que cycliste, vous pouvez \u00e9galement vous am\u00e9liorer en regardant d&#8217;autres aspects que votre simple condition physique. Vous \u00e9voluez constamment: vous avez plus confiance en vos capacit\u00e9s, vous ma\u00eetrisez certaines questions techniques, il y a le surplus d&#8217;exp\u00e9rience que vous continuez \u00e0 accumuler. \u201d<\/p>\n<p style=\"text-align: justify;\">Tout devient de plus en plus cibl\u00e9. Les choses que Toon Aerts a entre ses mains sont travaill\u00e9es de mani\u00e8re intensive. Mais pour faire de cette ambition une r\u00e9alit\u00e9, le champion de Belgique compte \u00e9galement sur un coup de main des dieux de la m\u00e9t\u00e9o.<\/p>\n<p style=\"text-align: justify;\">\u00abM\u00eame si cela s&#8217;est am\u00e9lior\u00e9 avec le temps, les trac\u00e9s secs et rapides ne sont toujours pas mon truc. Non pas que j&#8217;aie le nez pour \u00e7a, mais je me d\u00e9brouille mieux s&#8217;il y a une bonne portion de boue sur le circuit. Le championnat de Belgique \u00e0 Kruibeke en \u00e9tait un bon exemple. Des conditions m\u00e9t\u00e9orologiques \u00e9piques, une pluie battante et une \u00e9paisse couche de boue. Si cela ne tient qu&#8217;\u00e0 moi: j&#8217;en redemande dans les mois \u00e0 venir. Bien que cela ne doit pas toujours \u00eatre en permanence ainsi. Je pr\u00e9f\u00e8re aussi un beau soleil et des conditions s\u00e8ches pendant la semaine. Cela rend l&#8217;entrainement tellement plus agr\u00e9able. (Rires) Temps sec du lundi matin au vendredi apr\u00e8s-midi et pluie apr\u00e8s &#8230; Si ce n&#8217;\u00e9tait pas trop demander: s&#8217;il vous pla\u00eet! &#8220;<\/p>\n<p style=\"text-align: justify;\"><strong>Texte: Guy Vermeiren<\/strong><br \/>\n<strong>Traduction : James Odvart<\/strong><br \/>\n<strong>Photos: Photonews<\/strong><\/p>\n","protected":false},"excerpt":{"rendered":"<p>\u201cMoins de podiums, plus de victoires\u201d Que souhaite le champion de Belgique Toon Aerts, maintenant que la saison de cyclo-cross commence vraiment? Une campagne sans creux conditionnel, avant tout. Et bien figurer dans les diff\u00e9rents classements, alors qu\u2019il tient \u00e0 conserver ce petit avantage? pour les championnats. Plus l&#8217;aide de la m\u00e9t\u00e9o, si possible. &#8220;Le&#8230;<\/p>\n","protected":false},"author":7,"featured_media":571,"comment_status":"closed","ping_status":"closed","sticky":false,"template":"","format":"standard","meta":{"_acf_changed":false,"footnotes":""},"categories":[31,23,25,12],"tags":[47,48,49,50,51,52,53,54],"class_list":["post-589","post","type-post","status-publish","format-standard","has-post-thumbnail","hentry","category-cyclo-cross","category-general","category-highlights-fr","category-nouvelles","tag-cyclo-cross","tag-cyclocross","tag-veldrijden","tag-fietsen","tag-toon-aerts","tag-road-cycling-fr","tag-cycling-fr","tag-wielrennen-fr"],"acf":[],"yoast_head":"<!-- This site is optimized with the Yoast SEO plugin v27.4 - https:\/\/yoast.com\/product\/yoast-seo-wordpress\/ -->\n<title>Le Champion de Belgique Toon Aerts attend plus de lui-m\u00eame cette saison - Belgian Cycling<\/title>\n<meta name=\"robots\" content=\"index, follow, max-snippet:-1, max-image-preview:large, max-video-preview:-1\" \/>\n<link rel=\"canonical\" href=\"https:\/\/magazine.belgiancycling.be\/fr\/le-champion-de-belgique-toon-aerts-attend-plus-de-lui-meme-cette-saison\/\" \/>\n<meta property=\"og:locale\" content=\"fr_FR\" \/>\n<meta property=\"og:type\" content=\"article\" \/>\n<meta property=\"og:title\" content=\"Le Champion de Belgique Toon Aerts attend plus de lui-m\u00eame cette saison - Belgian Cycling\" \/>\n<meta property=\"og:description\" content=\"\u201cMoins de podiums, plus de victoires\u201d Que souhaite le champion de Belgique Toon Aerts, maintenant que la saison de cyclo-cross commence vraiment? Une campagne sans creux conditionnel, avant tout. Et bien figurer dans les diff\u00e9rents classements, alors qu\u2019il tient \u00e0 conserver ce petit avantage? pour les championnats. Plus l&#8217;aide de la m\u00e9t\u00e9o, si possible. &#8220;Le...\" \/>\n<meta property=\"og:url\" content=\"https:\/\/magazine.belgiancycling.be\/fr\/le-champion-de-belgique-toon-aerts-attend-plus-de-lui-meme-cette-saison\/\" \/>\n<meta property=\"og:site_name\" content=\"Belgian Cycling\" \/>\n<meta property=\"article:published_time\" content=\"2019-10-16T07:42:17+00:00\" \/>\n<meta property=\"article:modified_time\" content=\"2020-02-29T13:28:44+00:00\" \/>\n<meta property=\"og:image\" content=\"https:\/\/magazine.belgiancycling.be\/wp-content\/uploads\/2019\/10\/PHOTONEWS_10831057-066-e1571211651632.jpg\" \/>\n\t<meta property=\"og:image:width\" content=\"5269\" \/>\n\t<meta property=\"og:image:height\" content=\"2068\" \/>\n\t<meta property=\"og:image:type\" content=\"image\/jpeg\" \/>\n<meta name=\"author\" content=\"rob\" \/>\n<meta name=\"twitter:card\" content=\"summary_large_image\" \/>\n<meta name=\"twitter:label1\" content=\"\u00c9crit par\" \/>\n\t<meta name=\"twitter:data1\" content=\"rob\" \/>\n\t<meta name=\"twitter:label2\" content=\"Dur\u00e9e de lecture estim\u00e9e\" \/>\n\t<meta name=\"twitter:data2\" content=\"5 minutes\" \/>\n<script type=\"application\/ld+json\" class=\"yoast-schema-graph\">{\"@context\":\"https:\\\/\\\/schema.org\",\"@graph\":[{\"@type\":\"Article\",\"@id\":\"https:\\\/\\\/magazine.belgiancycling.be\\\/fr\\\/le-champion-de-belgique-toon-aerts-attend-plus-de-lui-meme-cette-saison\\\/#article\",\"isPartOf\":{\"@id\":\"https:\\\/\\\/magazine.belgiancycling.be\\\/fr\\\/le-champion-de-belgique-toon-aerts-attend-plus-de-lui-meme-cette-saison\\\/\"},\"author\":{\"name\":\"rob\",\"@id\":\"https:\\\/\\\/magazine.belgiancycling.be\\\/fr\\\/#\\\/schema\\\/person\\\/4236137dfbd595cdb7e11946d5b70a27\"},\"headline\":\"Le Champion de Belgique Toon Aerts attend plus de lui-m\u00eame cette saison\",\"datePublished\":\"2019-10-16T07:42:17+00:00\",\"dateModified\":\"2020-02-29T13:28:44+00:00\",\"mainEntityOfPage\":{\"@id\":\"https:\\\/\\\/magazine.belgiancycling.be\\\/fr\\\/le-champion-de-belgique-toon-aerts-attend-plus-de-lui-meme-cette-saison\\\/\"},\"wordCount\":946,\"publisher\":{\"@id\":\"https:\\\/\\\/magazine.belgiancycling.be\\\/fr\\\/#organization\"},\"image\":{\"@id\":\"https:\\\/\\\/magazine.belgiancycling.be\\\/fr\\\/le-champion-de-belgique-toon-aerts-attend-plus-de-lui-meme-cette-saison\\\/#primaryimage\"},\"thumbnailUrl\":\"https:\\\/\\\/magazine.belgiancycling.be\\\/wp-content\\\/uploads\\\/2019\\\/10\\\/PHOTONEWS_10831057-066-e1571211651632.jpg\",\"keywords\":[\"cyclo-cross\",\"cyclocross\",\"veldrijden\",\"fietsen\",\"toon aerts\",\"Road cycling\",\"Cycling\",\"Wielrennen\"],\"articleSection\":[\"cyclo-cross\",\"g\u00e9n\u00e9ral\",\"highlights\",\"Nouvelles\"],\"inLanguage\":\"fr-FR\"},{\"@type\":\"WebPage\",\"@id\":\"https:\\\/\\\/magazine.belgiancycling.be\\\/fr\\\/le-champion-de-belgique-toon-aerts-attend-plus-de-lui-meme-cette-saison\\\/\",\"url\":\"https:\\\/\\\/magazine.belgiancycling.be\\\/fr\\\/le-champion-de-belgique-toon-aerts-attend-plus-de-lui-meme-cette-saison\\\/\",\"name\":\"Le Champion de Belgique Toon Aerts attend plus de lui-m\u00eame cette saison - Belgian Cycling\",\"isPartOf\":{\"@id\":\"https:\\\/\\\/magazine.belgiancycling.be\\\/fr\\\/#website\"},\"primaryImageOfPage\":{\"@id\":\"https:\\\/\\\/magazine.belgiancycling.be\\\/fr\\\/le-champion-de-belgique-toon-aerts-attend-plus-de-lui-meme-cette-saison\\\/#primaryimage\"},\"image\":{\"@id\":\"https:\\\/\\\/magazine.belgiancycling.be\\\/fr\\\/le-champion-de-belgique-toon-aerts-attend-plus-de-lui-meme-cette-saison\\\/#primaryimage\"},\"thumbnailUrl\":\"https:\\\/\\\/magazine.belgiancycling.be\\\/wp-content\\\/uploads\\\/2019\\\/10\\\/PHOTONEWS_10831057-066-e1571211651632.jpg\",\"datePublished\":\"2019-10-16T07:42:17+00:00\",\"dateModified\":\"2020-02-29T13:28:44+00:00\",\"breadcrumb\":{\"@id\":\"https:\\\/\\\/magazine.belgiancycling.be\\\/fr\\\/le-champion-de-belgique-toon-aerts-attend-plus-de-lui-meme-cette-saison\\\/#breadcrumb\"},\"inLanguage\":\"fr-FR\",\"potentialAction\":[{\"@type\":\"ReadAction\",\"target\":[\"https:\\\/\\\/magazine.belgiancycling.be\\\/fr\\\/le-champion-de-belgique-toon-aerts-attend-plus-de-lui-meme-cette-saison\\\/\"]}]},{\"@type\":\"ImageObject\",\"inLanguage\":\"fr-FR\",\"@id\":\"https:\\\/\\\/magazine.belgiancycling.be\\\/fr\\\/le-champion-de-belgique-toon-aerts-attend-plus-de-lui-meme-cette-saison\\\/#primaryimage\",\"url\":\"https:\\\/\\\/magazine.belgiancycling.be\\\/wp-content\\\/uploads\\\/2019\\\/10\\\/PHOTONEWS_10831057-066-e1571211651632.jpg\",\"contentUrl\":\"https:\\\/\\\/magazine.belgiancycling.be\\\/wp-content\\\/uploads\\\/2019\\\/10\\\/PHOTONEWS_10831057-066-e1571211651632.jpg\",\"width\":5269,\"height\":2068,\"caption\":\"MEULEBEKE, BELGIUM - OCTOBER 5 : AERTS Toon (BEL) of TELENET BALOISE LIONS in action during the men elite second leg of Ethias Cross cyclocross race, the Berencross of Meulebeke on the Ter Borcht track on October 05, 2019 in Meulebeke, Belgium, 5\\\/10\\\/2019 ( Photo by Nico Vereecken \\\/ Photonews\"},{\"@type\":\"BreadcrumbList\",\"@id\":\"https:\\\/\\\/magazine.belgiancycling.be\\\/fr\\\/le-champion-de-belgique-toon-aerts-attend-plus-de-lui-meme-cette-saison\\\/#breadcrumb\",\"itemListElement\":[{\"@type\":\"ListItem\",\"position\":1,\"name\":\"Home\",\"item\":\"https:\\\/\\\/magazine.belgiancycling.be\\\/fr\\\/\"},{\"@type\":\"ListItem\",\"position\":2,\"name\":\"Le Champion de Belgique Toon Aerts attend plus de lui-m\u00eame cette saison\"}]},{\"@type\":\"WebSite\",\"@id\":\"https:\\\/\\\/magazine.belgiancycling.be\\\/fr\\\/#website\",\"url\":\"https:\\\/\\\/magazine.belgiancycling.be\\\/fr\\\/\",\"name\":\"Belgian Cycling\",\"description\":\"\",\"publisher\":{\"@id\":\"https:\\\/\\\/magazine.belgiancycling.be\\\/fr\\\/#organization\"},\"potentialAction\":[{\"@type\":\"SearchAction\",\"target\":{\"@type\":\"EntryPoint\",\"urlTemplate\":\"https:\\\/\\\/magazine.belgiancycling.be\\\/fr\\\/?s={search_term_string}\"},\"query-input\":{\"@type\":\"PropertyValueSpecification\",\"valueRequired\":true,\"valueName\":\"search_term_string\"}}],\"inLanguage\":\"fr-FR\"},{\"@type\":\"Organization\",\"@id\":\"https:\\\/\\\/magazine.belgiancycling.be\\\/fr\\\/#organization\",\"name\":\"Belgian Cycling\",\"url\":\"https:\\\/\\\/magazine.belgiancycling.be\\\/fr\\\/\",\"logo\":{\"@type\":\"ImageObject\",\"inLanguage\":\"fr-FR\",\"@id\":\"https:\\\/\\\/magazine.belgiancycling.be\\\/fr\\\/#\\\/schema\\\/logo\\\/image\\\/\",\"url\":\"https:\\\/\\\/magazine.belgiancycling.be\\\/wp-content\\\/uploads\\\/2019\\\/04\\\/20190506_Logo-2.png\",\"contentUrl\":\"https:\\\/\\\/magazine.belgiancycling.be\\\/wp-content\\\/uploads\\\/2019\\\/04\\\/20190506_Logo-2.png\",\"width\":750,\"height\":385,\"caption\":\"Belgian Cycling\"},\"image\":{\"@id\":\"https:\\\/\\\/magazine.belgiancycling.be\\\/fr\\\/#\\\/schema\\\/logo\\\/image\\\/\"}},{\"@type\":\"Person\",\"@id\":\"https:\\\/\\\/magazine.belgiancycling.be\\\/fr\\\/#\\\/schema\\\/person\\\/4236137dfbd595cdb7e11946d5b70a27\",\"name\":\"rob\",\"image\":{\"@type\":\"ImageObject\",\"inLanguage\":\"fr-FR\",\"@id\":\"https:\\\/\\\/secure.gravatar.com\\\/avatar\\\/2d56631644e147d11ac518db1c44c235a10da750a3ba84297045be1b069c83f3?s=96&d=mm&r=g\",\"url\":\"https:\\\/\\\/secure.gravatar.com\\\/avatar\\\/2d56631644e147d11ac518db1c44c235a10da750a3ba84297045be1b069c83f3?s=96&d=mm&r=g\",\"contentUrl\":\"https:\\\/\\\/secure.gravatar.com\\\/avatar\\\/2d56631644e147d11ac518db1c44c235a10da750a3ba84297045be1b069c83f3?s=96&d=mm&r=g\",\"caption\":\"rob\"},\"url\":\"https:\\\/\\\/magazine.belgiancycling.be\\\/fr\\\/author\\\/rob\\\/\"}]}<\/script>\n<!-- \/ Yoast SEO plugin. -->","yoast_head_json":{"title":"Le Champion de Belgique Toon Aerts attend plus de lui-m\u00eame cette saison - Belgian Cycling","robots":{"index":"index","follow":"follow","max-snippet":"max-snippet:-1","max-image-preview":"max-image-preview:large","max-video-preview":"max-video-preview:-1"},"canonical":"https:\/\/magazine.belgiancycling.be\/fr\/le-champion-de-belgique-toon-aerts-attend-plus-de-lui-meme-cette-saison\/","og_locale":"fr_FR","og_type":"article","og_title":"Le Champion de Belgique Toon Aerts attend plus de lui-m\u00eame cette saison - Belgian Cycling","og_description":"\u201cMoins de podiums, plus de victoires\u201d Que souhaite le champion de Belgique Toon Aerts, maintenant que la saison de cyclo-cross commence vraiment? Une campagne sans creux conditionnel, avant tout. Et bien figurer dans les diff\u00e9rents classements, alors qu\u2019il tient \u00e0 conserver ce petit avantage? pour les championnats. Plus l&#8217;aide de la m\u00e9t\u00e9o, si possible. &#8220;Le...","og_url":"https:\/\/magazine.belgiancycling.be\/fr\/le-champion-de-belgique-toon-aerts-attend-plus-de-lui-meme-cette-saison\/","og_site_name":"Belgian Cycling","article_published_time":"2019-10-16T07:42:17+00:00","article_modified_time":"2020-02-29T13:28:44+00:00","og_image":[{"width":5269,"height":2068,"url":"https:\/\/magazine.belgiancycling.be\/wp-content\/uploads\/2019\/10\/PHOTONEWS_10831057-066-e1571211651632.jpg","type":"image\/jpeg"}],"author":"rob","twitter_card":"summary_large_image","twitter_misc":{"\u00c9crit par":"rob","Dur\u00e9e de lecture estim\u00e9e":"5 minutes"},"schema":{"@context":"https:\/\/schema.org","@graph":[{"@type":"Article","@id":"https:\/\/magazine.belgiancycling.be\/fr\/le-champion-de-belgique-toon-aerts-attend-plus-de-lui-meme-cette-saison\/#article","isPartOf":{"@id":"https:\/\/magazine.belgiancycling.be\/fr\/le-champion-de-belgique-toon-aerts-attend-plus-de-lui-meme-cette-saison\/"},"author":{"name":"rob","@id":"https:\/\/magazine.belgiancycling.be\/fr\/#\/schema\/person\/4236137dfbd595cdb7e11946d5b70a27"},"headline":"Le Champion de Belgique Toon Aerts attend plus de lui-m\u00eame cette saison","datePublished":"2019-10-16T07:42:17+00:00","dateModified":"2020-02-29T13:28:44+00:00","mainEntityOfPage":{"@id":"https:\/\/magazine.belgiancycling.be\/fr\/le-champion-de-belgique-toon-aerts-attend-plus-de-lui-meme-cette-saison\/"},"wordCount":946,"publisher":{"@id":"https:\/\/magazine.belgiancycling.be\/fr\/#organization"},"image":{"@id":"https:\/\/magazine.belgiancycling.be\/fr\/le-champion-de-belgique-toon-aerts-attend-plus-de-lui-meme-cette-saison\/#primaryimage"},"thumbnailUrl":"https:\/\/magazine.belgiancycling.be\/wp-content\/uploads\/2019\/10\/PHOTONEWS_10831057-066-e1571211651632.jpg","keywords":["cyclo-cross","cyclocross","veldrijden","fietsen","toon aerts","Road cycling","Cycling","Wielrennen"],"articleSection":["cyclo-cross","g\u00e9n\u00e9ral","highlights","Nouvelles"],"inLanguage":"fr-FR"},{"@type":"WebPage","@id":"https:\/\/magazine.belgiancycling.be\/fr\/le-champion-de-belgique-toon-aerts-attend-plus-de-lui-meme-cette-saison\/","url":"https:\/\/magazine.belgiancycling.be\/fr\/le-champion-de-belgique-toon-aerts-attend-plus-de-lui-meme-cette-saison\/","name":"Le Champion de Belgique Toon Aerts attend plus de lui-m\u00eame cette saison - Belgian Cycling","isPartOf":{"@id":"https:\/\/magazine.belgiancycling.be\/fr\/#website"},"primaryImageOfPage":{"@id":"https:\/\/magazine.belgiancycling.be\/fr\/le-champion-de-belgique-toon-aerts-attend-plus-de-lui-meme-cette-saison\/#primaryimage"},"image":{"@id":"https:\/\/magazine.belgiancycling.be\/fr\/le-champion-de-belgique-toon-aerts-attend-plus-de-lui-meme-cette-saison\/#primaryimage"},"thumbnailUrl":"https:\/\/magazine.belgiancycling.be\/wp-content\/uploads\/2019\/10\/PHOTONEWS_10831057-066-e1571211651632.jpg","datePublished":"2019-10-16T07:42:17+00:00","dateModified":"2020-02-29T13:28:44+00:00","breadcrumb":{"@id":"https:\/\/magazine.belgiancycling.be\/fr\/le-champion-de-belgique-toon-aerts-attend-plus-de-lui-meme-cette-saison\/#breadcrumb"},"inLanguage":"fr-FR","potentialAction":[{"@type":"ReadAction","target":["https:\/\/magazine.belgiancycling.be\/fr\/le-champion-de-belgique-toon-aerts-attend-plus-de-lui-meme-cette-saison\/"]}]},{"@type":"ImageObject","inLanguage":"fr-FR","@id":"https:\/\/magazine.belgiancycling.be\/fr\/le-champion-de-belgique-toon-aerts-attend-plus-de-lui-meme-cette-saison\/#primaryimage","url":"https:\/\/magazine.belgiancycling.be\/wp-content\/uploads\/2019\/10\/PHOTONEWS_10831057-066-e1571211651632.jpg","contentUrl":"https:\/\/magazine.belgiancycling.be\/wp-content\/uploads\/2019\/10\/PHOTONEWS_10831057-066-e1571211651632.jpg","width":5269,"height":2068,"caption":"MEULEBEKE, BELGIUM - OCTOBER 5 : AERTS Toon (BEL) of TELENET BALOISE LIONS in action during the men elite second leg of Ethias Cross cyclocross race, the Berencross of Meulebeke on the Ter Borcht track on October 05, 2019 in Meulebeke, Belgium, 5\/10\/2019 ( Photo by Nico Vereecken \/ Photonews"},{"@type":"BreadcrumbList","@id":"https:\/\/magazine.belgiancycling.be\/fr\/le-champion-de-belgique-toon-aerts-attend-plus-de-lui-meme-cette-saison\/#breadcrumb","itemListElement":[{"@type":"ListItem","position":1,"name":"Home","item":"https:\/\/magazine.belgiancycling.be\/fr\/"},{"@type":"ListItem","position":2,"name":"Le Champion de Belgique Toon Aerts attend plus de lui-m\u00eame cette saison"}]},{"@type":"WebSite","@id":"https:\/\/magazine.belgiancycling.be\/fr\/#website","url":"https:\/\/magazine.belgiancycling.be\/fr\/","name":"Belgian Cycling","description":"","publisher":{"@id":"https:\/\/magazine.belgiancycling.be\/fr\/#organization"},"potentialAction":[{"@type":"SearchAction","target":{"@type":"EntryPoint","urlTemplate":"https:\/\/magazine.belgiancycling.be\/fr\/?s={search_term_string}"},"query-input":{"@type":"PropertyValueSpecification","valueRequired":true,"valueName":"search_term_string"}}],"inLanguage":"fr-FR"},{"@type":"Organization","@id":"https:\/\/magazine.belgiancycling.be\/fr\/#organization","name":"Belgian Cycling","url":"https:\/\/magazine.belgiancycling.be\/fr\/","logo":{"@type":"ImageObject","inLanguage":"fr-FR","@id":"https:\/\/magazine.belgiancycling.be\/fr\/#\/schema\/logo\/image\/","url":"https:\/\/magazine.belgiancycling.be\/wp-content\/uploads\/2019\/04\/20190506_Logo-2.png","contentUrl":"https:\/\/magazine.belgiancycling.be\/wp-content\/uploads\/2019\/04\/20190506_Logo-2.png","width":750,"height":385,"caption":"Belgian Cycling"},"image":{"@id":"https:\/\/magazine.belgiancycling.be\/fr\/#\/schema\/logo\/image\/"}},{"@type":"Person","@id":"https:\/\/magazine.belgiancycling.be\/fr\/#\/schema\/person\/4236137dfbd595cdb7e11946d5b70a27","name":"rob","image":{"@type":"ImageObject","inLanguage":"fr-FR","@id":"https:\/\/secure.gravatar.com\/avatar\/2d56631644e147d11ac518db1c44c235a10da750a3ba84297045be1b069c83f3?s=96&d=mm&r=g","url":"https:\/\/secure.gravatar.com\/avatar\/2d56631644e147d11ac518db1c44c235a10da750a3ba84297045be1b069c83f3?s=96&d=mm&r=g","contentUrl":"https:\/\/secure.gravatar.com\/avatar\/2d56631644e147d11ac518db1c44c235a10da750a3ba84297045be1b069c83f3?s=96&d=mm&r=g","caption":"rob"},"url":"https:\/\/magazine.belgiancycling.be\/fr\/author\/rob\/"}]}},"_links":{"self":[{"href":"https:\/\/magazine.belgiancycling.be\/fr\/wp-json\/wp\/v2\/posts\/589","targetHints":{"allow":["GET"]}}],"collection":[{"href":"https:\/\/magazine.belgiancycling.be\/fr\/wp-json\/wp\/v2\/posts"}],"about":[{"href":"https:\/\/magazine.belgiancycling.be\/fr\/wp-json\/wp\/v2\/types\/post"}],"author":[{"embeddable":true,"href":"https:\/\/magazine.belgiancycling.be\/fr\/wp-json\/wp\/v2\/users\/7"}],"replies":[{"embeddable":true,"href":"https:\/\/magazine.belgiancycling.be\/fr\/wp-json\/wp\/v2\/comments?post=589"}],"version-history":[{"count":6,"href":"https:\/\/magazine.belgiancycling.be\/fr\/wp-json\/wp\/v2\/posts\/589\/revisions"}],"predecessor-version":[{"id":762,"href":"https:\/\/magazine.belgiancycling.be\/fr\/wp-json\/wp\/v2\/posts\/589\/revisions\/762"}],"wp:featuredmedia":[{"embeddable":true,"href":"https:\/\/magazine.belgiancycling.be\/fr\/wp-json\/wp\/v2\/media\/571"}],"wp:attachment":[{"href":"https:\/\/magazine.belgiancycling.be\/fr\/wp-json\/wp\/v2\/media?parent=589"}],"wp:term":[{"taxonomy":"category","embeddable":true,"href":"https:\/\/magazine.belgiancycling.be\/fr\/wp-json\/wp\/v2\/categories?post=589"},{"taxonomy":"post_tag","embeddable":true,"href":"https:\/\/magazine.belgiancycling.be\/fr\/wp-json\/wp\/v2\/tags?post=589"}],"curies":[{"name":"wp","href":"https:\/\/api.w.org\/{rel}","templated":true}]}}