{"id":1846,"date":"2022-05-03T16:25:26","date_gmt":"2022-05-03T14:25:26","guid":{"rendered":"https:\/\/magazine.belgiancycling.be\/?p=1846"},"modified":"2022-05-03T16:26:11","modified_gmt":"2022-05-03T14:26:11","slug":"une-course-plus-chouette-pour-tous","status":"publish","type":"post","link":"https:\/\/magazine.belgiancycling.be\/fr\/une-course-plus-chouette-pour-tous\/","title":{"rendered":"Une course plus chouette pour tous"},"content":{"rendered":"<h1 style=\"text-align: justify;\">Les Women Cycling Series offrent des opportunit\u00e9s aux coureurs et \u00e9quipes juste en dessous du plus haut niveau<\/h1>\n<p style=\"text-align: justify;\"><strong>Quid si vous \u00eates passionn\u00e9 par le cyclisme, mais que vous n\u2019entrez pas en ligne de compte pour rivaliser avec les meilleures coureuses du monde lors d\u2019une grande classique? Les Women Cycling Series peuvent satisfaire ce besoin; il s\u2019agit notamment d\u2019une s\u00e9rie de sept \u00e9preuves organis\u00e9es en Belgique et aux Pays-Bas, inscrites aux calendriers nationaux de Belgian Cycling et de la f\u00e9d\u00e9ration n\u00e9erlandaise KNWU. <\/strong><\/p>\n<p style=\"text-align: justify;\">25 \u00e9quipes au total \u2013 dont 7 \u00e9quipes belges \u2013 prendront le d\u00e9part aux Women Cycling Series. Afin d\u2019assurer l\u2019\u00e9quilibre sportif, les dames appartenant \u00e0 une UCI WorldTourteam ou \u00e0 une \u00e9quipe continentale, n\u2019ont pas droit de d\u00e9part dans un peloton pouvant compter maximum 150 coureurs.<\/p>\n<p>La premi\u00e8re manche des Women Cycling Series a eu lieu le 27 mars en Flandre z\u00e9landaise. La n\u00e9erlandaise Scarlett Souren \u00e9tait la plus rapide au sprint massif qui \u00e9tait l\u2019\u00e9pilogue du Wim Hendriks Trofee. Margot Vanpachtenbeke (KDM-Pack Cycling Team) \u00e9tait la meilleure parmi les belges, avec une 6<sup>e<\/sup> place. Souren pourra d\u00e8s lors prendre le d\u00e9part en maillot jaune de leader lors du Trofee Maarten Wynants \u00e0 Houthalen-Helchteren, le 8 mai prochain.<\/p>\n<h3 style=\"text-align: justify;\"><strong>\u00c9quipes de la premi\u00e8re heure<\/strong><\/h3>\n<p style=\"text-align: justify;\">Parmi les \u00e9quipes participantes se trouvent entre autres Isorex, Keukens Redant et De Sprinters Malderen (Belco-Van Eyck Cycling Team) sur la liste de d\u00e9part. \u00c9tant donn\u00e9 que cela devient toujours de plus en plus compliqu\u00e9 pour ces \u00e9quipes de prendre le d\u00e9part dans les vraies grandes classiques, les Women Cycling Series sont un compl\u00e9ment bienvenu au programme des \u00e9preuves.<\/p>\n<p>\u201cC\u2019est m\u00eame devenu un de nos objectifs principaux\u201d, nous signale Ilse Fiers au nom de Belco-Van Eyck Cycling Team. \u201cAvec le SKM Trofee, nous pouvons prendre le d\u00e9part dans plusieurs \u00e9preuves adapt\u00e9es \u00e0 nos coureuses. Le fait que les Women Cycling Series se situent en Belgique et aux Pays-Bas \u2013 avec des \u00e9quipes de ces deux pays \u2013 ajoute une dimension suppl\u00e9mentaire \u00e0 l\u2019initiative. Au plus haut niveau, les dames n\u00e9erlandaises devancent nos coureuses. Mais cet \u00e9cart est quelque peu effac\u00e9 lors de ces \u00e9preuves, ce qui rend la course tellement plus agr\u00e9able pour les participantes belges.\u201d<\/p>\n<p>La coop\u00e9ration entre Belgian Cycling et la KNWU dans le cadre de l\u2019organisation des Women Cycling Series est \u00e9galement avantageuse pour certains sponsors. \u201cNos sponsors n\u2019y sont pas indiff\u00e9rents\u201d, dixit Fabien Helderweirt d\u2019Isorex. \u201cIls profitent \u00e9galement du fait que nos coureuses peuvent \u201cparticiper \u00e0 la course\u201d \u00e0 ce niveau au lieu de devoir abandonner apr\u00e8s 60 kilom\u00e8tres dans l\u2019une ou l\u2019autre grande classique. Nous avons bien d\u00e9marr\u00e9 en tant qu\u2019\u00e9quipe, avec une 4<sup>e<\/sup> place lors de la manche d\u2019ouverture. Nous voulons poursuivre dans cette voie. Car nous savons tr\u00e8s bien que les \u00e9preuves de ce niveau constituent notre source principale de publicit\u00e9; avec les coureuses individuelles mais certainement en tant qu\u2019\u00e9quipe \u00e9galement.\u201d<\/p>\n<p>Ces derniers mois, l\u2019\u00e9quipe Keukens Redant a \u00e9galement souvent \u00e9t\u00e9 priv\u00e9e du droit de d\u00e9part aux grandes classiques. \u201cM\u00eame si plus d\u2019\u00e9preuves de l\u2019UCI sont au programme dans les semaines \u00e0 venir, car plusieurs favoris prennent du repos\u201d, d\u2019apr\u00e8s Andy Redant. \u201cGr\u00e2ce aux \u00e9preuves offertes par les Women Cycling Series, nous avons \u00e9tabli un beau programme d\u2019\u00e9preuves. Nous sommes en tout cas partisans de cette initiative et l\u2019acceuillons avec enthousiasme. Cela permet aux \u00e9quipes ne faisant pas partie du top de jouer un r\u00f4le. Nous avons en tout cas bien commenc\u00e9 la saison, car deux de nos coureuses ont remport\u00e9 des points lors de la manche d\u2019ouverture. Il est trop t\u00f4t pour conclure qui fera des Women Cycling Series son objectif principal, mais les \u00e9preuves se suivront dor\u00e9navont tellement vite que cela deviendra clair dans un avenir tr\u00e8s proche.\u201d<\/p>\n<h3 style=\"text-align: justify;\"><strong>Peu de d\u00e9nivel\u00e9<\/strong><\/h3>\n<p style=\"text-align: justify;\">Le Wim Hendriks Trofee n\u2019\u00e9tait en tout cas pas caract\u00e9ris\u00e9 par des \u00e9carts de temps importants et il s\u2019av\u00e8re que ce ne sera pas diff\u00e9rent pour le Trofee Maarten Wynants. \u201cM\u00eame si cette \u00e9preuve a lieu sur un parcours principalement vallonn\u00e9, mes exp\u00e9riences du pass\u00e9 m\u2019ont appris que le sprint sera probablement disput\u00e9 par un groupe d\u2019une quarantaine de dames\u201d, signale l\u2019organisateur Tim Wynants. Auparavant, l\u2019\u00e9preuve \u00e0 Houthalen-Helchteren \u00e9tait reprise sur le calendrier de l\u2019UCI, mais le Limbourg mise \u00e0 l\u2019heure actuelle sur les Women Cycling Series. \u201cEn tant qu\u2019organisateurs, nous \u00e9tions devant un choix: soit essayer d\u2019\u00e9voluer vers le top absolu, soit opter pour une formule offrant des opportunit\u00e9s \u00e0 plus de coureuses belges et n\u00e9erlandaises. Nous avons opt\u00e9 pour la deuxi\u00e8me possibilit\u00e9 et sommes donc ravis de pouvoir faire partie de ce projet.\u201d<\/p>\n<p>Il faudra probablement attendre le 15 mai pour les premiers \u00e9carts de temps importants. Ce jour-l\u00e0, l\u2019arriv\u00e9e de la deuxi\u00e8me manche sur le territoire belge se situera \u00e0 Everberg. Au Brabant flamand, le peloton devra affronter une \u00e9preuve difficile, compos\u00e9e de dix \u00e9tapes, chaque fois de 118 m\u00e8tres de d\u00e9nivel\u00e9 redout\u00e9s par les coureurs. L\u2019arriv\u00e9e se situe en altitude et le parcours se compose entre autres du Bosberg (700 m\u00e8tres \u00e0 4,7% en moyenne) et du Grubbe (1.006 m\u00e8tres \u00e0 3,5% en moyenne), r\u00e9put\u00e9s pour leur duret\u00e9. \u201cNous organisons une \u00e9preuve pour dames depuis des ann\u00e9es\u201d, annonce Peter Sommeryns. \u201cEt nous ne sommes pas rest\u00e9s indiff\u00e9rents aux possibilit\u00e9s et \u00e0 l\u2019\u00e9lan que les Women Cycling Series peuvent nous offrir. Je ne dis pas que les meilleures \u00e0 Everberg soient d\u00e9j\u00e0 s\u00fbres de la victoire finale de ce crit\u00e9rium, mais cela me para\u00eet \u00e9vident qu\u2019il y aura de nombreux \u00e9carts de temps.\u201d<\/p>\n<h4><strong>EPREUVES ENCORE PLANIFI\u00c9ES<\/strong><\/h4>\n<table style=\"height: 96px; width: 100%; border-collapse: collapse; background-color: #d4effc;\">\n<tbody>\n<tr style=\"height: 24px;\">\n<td style=\"width: 9.23473%; height: 24px;\"><strong>08\/05<\/strong><\/td>\n<td style=\"width: 90.7653%; height: 24px;\">Trofee Maarten Wynants &#8211; Houthalen-Helchteren (BEL)<\/td>\n<\/tr>\n<tr style=\"height: 24px;\">\n<td style=\"width: 9.23473%; height: 24px;\"><strong>15\/05<\/strong><\/td>\n<td style=\"width: 90.7653%; height: 24px;\">Everberg (BEL)<\/td>\n<\/tr>\n<tr style=\"height: 24px;\">\n<td style=\"width: 9.23473%; height: 24px;\"><strong>26\/05<\/strong><\/td>\n<td style=\"width: 90.7653%; height: 24px;\">Regiobank Kersenronde &#8211; Mierlo (NED)<\/td>\n<\/tr>\n<tr style=\"height: 24px;\">\n<td style=\"width: 9.23473%; height: 24px;\"><strong>27\/05<\/strong><\/td>\n<td style=\"width: 90.7653%; height: 24px;\">Verrebroek (BEL)<\/td>\n<\/tr>\n<tr>\n<td style=\"width: 9.23473%;\"><strong>02\/07<\/strong><\/td>\n<td style=\"width: 90.7653%;\">Ronde van Twente (NED)<\/td>\n<\/tr>\n<tr>\n<td style=\"width: 9.23473%;\"><strong>09\/07<\/strong><\/td>\n<td style=\"width: 90.7653%;\">Omloop der Zevenheuvelen (NED)<\/td>\n<\/tr>\n<\/tbody>\n<\/table>\n<p style=\"text-align: justify;\">\n<strong>Texte: Guy Vermeiren<\/strong><\/p>\n<p style=\"text-align: justify;\">\n","protected":false},"excerpt":{"rendered":"<p>Les Women Cycling Series offrent des opportunit\u00e9s aux coureurs et \u00e9quipes juste en dessous du plus haut niveau Quid si vous \u00eates passionn\u00e9 par le cyclisme, mais que vous n\u2019entrez pas en ligne de compte pour rivaliser avec les meilleures coureuses du monde lors d\u2019une grande classique? Les Women Cycling Series peuvent satisfaire ce besoin;&#8230;<\/p>\n","protected":false},"author":7,"featured_media":1844,"comment_status":"closed","ping_status":"closed","sticky":false,"template":"","format":"standard","meta":{"_acf_changed":false,"footnotes":""},"categories":[23,25,12],"tags":[50,53,54,56,387,390,462,464,517],"class_list":["post-1846","post","type-post","status-publish","format-standard","has-post-thumbnail","hentry","category-general","category-highlights-fr","category-nouvelles","tag-fietsen","tag-cycling-fr","tag-wielrennen-fr","tag-belgian-cycling","tag-wielrennen-fr-2","tag-fietsen-2-fr","tag-cycling-fr-2","tag-belgian-cycling-2-fr","tag-wedstrijden-fr"],"acf":[],"yoast_head":"<!-- This site is optimized with the Yoast SEO plugin v27.4 - https:\/\/yoast.com\/product\/yoast-seo-wordpress\/ -->\n<title>Women Cycling Series | Belgian Cycling<\/title>\n<meta name=\"description\" content=\"Quid si vous \u00eates passionn\u00e9 par le cyclisme, mais que vous n\u2019entrez pas en ligne de compte pour rivaliser avec les meilleures coureuses du monde lors d\u2019une grande classique? Les Women Cycling Series peuvent satisfaire ce besoin.\" \/>\n<meta name=\"robots\" content=\"index, follow, max-snippet:-1, max-image-preview:large, max-video-preview:-1\" \/>\n<link rel=\"canonical\" href=\"https:\/\/magazine.belgiancycling.be\/fr\/une-course-plus-chouette-pour-tous\/\" \/>\n<meta property=\"og:locale\" content=\"fr_FR\" \/>\n<meta property=\"og:type\" content=\"article\" \/>\n<meta property=\"og:title\" content=\"Women Cycling Series | Belgian Cycling\" \/>\n<meta property=\"og:description\" content=\"Quid si vous \u00eates passionn\u00e9 par le cyclisme, mais que vous n\u2019entrez pas en ligne de compte pour rivaliser avec les meilleures coureuses du monde lors d\u2019une grande classique? Les Women Cycling Series peuvent satisfaire ce besoin.\" \/>\n<meta property=\"og:url\" content=\"https:\/\/magazine.belgiancycling.be\/fr\/une-course-plus-chouette-pour-tous\/\" \/>\n<meta property=\"og:site_name\" content=\"Belgian Cycling\" \/>\n<meta property=\"article:published_time\" content=\"2022-05-03T14:25:26+00:00\" \/>\n<meta property=\"article:modified_time\" content=\"2022-05-03T14:26:11+00:00\" \/>\n<meta property=\"og:image\" content=\"https:\/\/magazine.belgiancycling.be\/wp-content\/uploads\/2022\/05\/Marie-VANDECASTEELE-02-1024x683.jpg\" \/>\n<meta name=\"author\" content=\"rob\" \/>\n<meta name=\"twitter:card\" content=\"summary_large_image\" \/>\n<meta name=\"twitter:image\" content=\"https:\/\/magazine.belgiancycling.be\/wp-content\/uploads\/2022\/05\/Marie-VANDECASTEELE-02-1024x683.jpg\" \/>\n<meta name=\"twitter:label1\" content=\"\u00c9crit par\" \/>\n\t<meta name=\"twitter:data1\" content=\"rob\" \/>\n\t<meta name=\"twitter:label2\" content=\"Dur\u00e9e de lecture estim\u00e9e\" \/>\n\t<meta name=\"twitter:data2\" content=\"5 minutes\" \/>\n<script type=\"application\/ld+json\" class=\"yoast-schema-graph\">{\"@context\":\"https:\\\/\\\/schema.org\",\"@graph\":[{\"@type\":\"Article\",\"@id\":\"https:\\\/\\\/magazine.belgiancycling.be\\\/fr\\\/une-course-plus-chouette-pour-tous\\\/#article\",\"isPartOf\":{\"@id\":\"https:\\\/\\\/magazine.belgiancycling.be\\\/fr\\\/une-course-plus-chouette-pour-tous\\\/\"},\"author\":{\"name\":\"rob\",\"@id\":\"https:\\\/\\\/magazine.belgiancycling.be\\\/fr\\\/#\\\/schema\\\/person\\\/4236137dfbd595cdb7e11946d5b70a27\"},\"headline\":\"Une course plus chouette pour tous\",\"datePublished\":\"2022-05-03T14:25:26+00:00\",\"dateModified\":\"2022-05-03T14:26:11+00:00\",\"mainEntityOfPage\":{\"@id\":\"https:\\\/\\\/magazine.belgiancycling.be\\\/fr\\\/une-course-plus-chouette-pour-tous\\\/\"},\"wordCount\":1010,\"publisher\":{\"@id\":\"https:\\\/\\\/magazine.belgiancycling.be\\\/fr\\\/#organization\"},\"image\":{\"@id\":\"https:\\\/\\\/magazine.belgiancycling.be\\\/fr\\\/une-course-plus-chouette-pour-tous\\\/#primaryimage\"},\"thumbnailUrl\":\"https:\\\/\\\/magazine.belgiancycling.be\\\/wp-content\\\/uploads\\\/2022\\\/05\\\/Marie-VANDECASTEELE-02-scaled-e1651583430273.jpg\",\"keywords\":[\"fietsen\",\"Cycling\",\"Wielrennen\",\"belgian cycling\",\"Wielrennen\",\"fietsen\",\"Cycling\",\"belgian cycling\",\"wedstrijden\"],\"articleSection\":[\"g\u00e9n\u00e9ral\",\"highlights\",\"Nouvelles\"],\"inLanguage\":\"fr-FR\"},{\"@type\":\"WebPage\",\"@id\":\"https:\\\/\\\/magazine.belgiancycling.be\\\/fr\\\/une-course-plus-chouette-pour-tous\\\/\",\"url\":\"https:\\\/\\\/magazine.belgiancycling.be\\\/fr\\\/une-course-plus-chouette-pour-tous\\\/\",\"name\":\"Women Cycling Series | Belgian Cycling\",\"isPartOf\":{\"@id\":\"https:\\\/\\\/magazine.belgiancycling.be\\\/fr\\\/#website\"},\"primaryImageOfPage\":{\"@id\":\"https:\\\/\\\/magazine.belgiancycling.be\\\/fr\\\/une-course-plus-chouette-pour-tous\\\/#primaryimage\"},\"image\":{\"@id\":\"https:\\\/\\\/magazine.belgiancycling.be\\\/fr\\\/une-course-plus-chouette-pour-tous\\\/#primaryimage\"},\"thumbnailUrl\":\"https:\\\/\\\/magazine.belgiancycling.be\\\/wp-content\\\/uploads\\\/2022\\\/05\\\/Marie-VANDECASTEELE-02-scaled-e1651583430273.jpg\",\"datePublished\":\"2022-05-03T14:25:26+00:00\",\"dateModified\":\"2022-05-03T14:26:11+00:00\",\"description\":\"Quid si vous \u00eates passionn\u00e9 par le cyclisme, mais que vous n\u2019entrez pas en ligne de compte pour rivaliser avec les meilleures coureuses du monde lors d\u2019une grande classique? Les Women Cycling Series peuvent satisfaire ce besoin.\",\"breadcrumb\":{\"@id\":\"https:\\\/\\\/magazine.belgiancycling.be\\\/fr\\\/une-course-plus-chouette-pour-tous\\\/#breadcrumb\"},\"inLanguage\":\"fr-FR\",\"potentialAction\":[{\"@type\":\"ReadAction\",\"target\":[\"https:\\\/\\\/magazine.belgiancycling.be\\\/fr\\\/une-course-plus-chouette-pour-tous\\\/\"]}]},{\"@type\":\"ImageObject\",\"inLanguage\":\"fr-FR\",\"@id\":\"https:\\\/\\\/magazine.belgiancycling.be\\\/fr\\\/une-course-plus-chouette-pour-tous\\\/#primaryimage\",\"url\":\"https:\\\/\\\/magazine.belgiancycling.be\\\/wp-content\\\/uploads\\\/2022\\\/05\\\/Marie-VANDECASTEELE-02-scaled-e1651583430273.jpg\",\"contentUrl\":\"https:\\\/\\\/magazine.belgiancycling.be\\\/wp-content\\\/uploads\\\/2022\\\/05\\\/Marie-VANDECASTEELE-02-scaled-e1651583430273.jpg\",\"width\":2560,\"height\":1707,\"caption\":\"200621 \\\/ Wielrennen \\\/ Waregem \\\/ BK weg \\\/ Dames U23 \\\/ Marie VANDECASTEELE\"},{\"@type\":\"BreadcrumbList\",\"@id\":\"https:\\\/\\\/magazine.belgiancycling.be\\\/fr\\\/une-course-plus-chouette-pour-tous\\\/#breadcrumb\",\"itemListElement\":[{\"@type\":\"ListItem\",\"position\":1,\"name\":\"Home\",\"item\":\"https:\\\/\\\/magazine.belgiancycling.be\\\/fr\\\/\"},{\"@type\":\"ListItem\",\"position\":2,\"name\":\"Une course plus chouette pour tous\"}]},{\"@type\":\"WebSite\",\"@id\":\"https:\\\/\\\/magazine.belgiancycling.be\\\/fr\\\/#website\",\"url\":\"https:\\\/\\\/magazine.belgiancycling.be\\\/fr\\\/\",\"name\":\"Belgian Cycling\",\"description\":\"\",\"publisher\":{\"@id\":\"https:\\\/\\\/magazine.belgiancycling.be\\\/fr\\\/#organization\"},\"potentialAction\":[{\"@type\":\"SearchAction\",\"target\":{\"@type\":\"EntryPoint\",\"urlTemplate\":\"https:\\\/\\\/magazine.belgiancycling.be\\\/fr\\\/?s={search_term_string}\"},\"query-input\":{\"@type\":\"PropertyValueSpecification\",\"valueRequired\":true,\"valueName\":\"search_term_string\"}}],\"inLanguage\":\"fr-FR\"},{\"@type\":\"Organization\",\"@id\":\"https:\\\/\\\/magazine.belgiancycling.be\\\/fr\\\/#organization\",\"name\":\"Belgian Cycling\",\"url\":\"https:\\\/\\\/magazine.belgiancycling.be\\\/fr\\\/\",\"logo\":{\"@type\":\"ImageObject\",\"inLanguage\":\"fr-FR\",\"@id\":\"https:\\\/\\\/magazine.belgiancycling.be\\\/fr\\\/#\\\/schema\\\/logo\\\/image\\\/\",\"url\":\"https:\\\/\\\/magazine.belgiancycling.be\\\/wp-content\\\/uploads\\\/2019\\\/04\\\/20190506_Logo-2.png\",\"contentUrl\":\"https:\\\/\\\/magazine.belgiancycling.be\\\/wp-content\\\/uploads\\\/2019\\\/04\\\/20190506_Logo-2.png\",\"width\":750,\"height\":385,\"caption\":\"Belgian Cycling\"},\"image\":{\"@id\":\"https:\\\/\\\/magazine.belgiancycling.be\\\/fr\\\/#\\\/schema\\\/logo\\\/image\\\/\"}},{\"@type\":\"Person\",\"@id\":\"https:\\\/\\\/magazine.belgiancycling.be\\\/fr\\\/#\\\/schema\\\/person\\\/4236137dfbd595cdb7e11946d5b70a27\",\"name\":\"rob\",\"image\":{\"@type\":\"ImageObject\",\"inLanguage\":\"fr-FR\",\"@id\":\"https:\\\/\\\/secure.gravatar.com\\\/avatar\\\/2d56631644e147d11ac518db1c44c235a10da750a3ba84297045be1b069c83f3?s=96&d=mm&r=g\",\"url\":\"https:\\\/\\\/secure.gravatar.com\\\/avatar\\\/2d56631644e147d11ac518db1c44c235a10da750a3ba84297045be1b069c83f3?s=96&d=mm&r=g\",\"contentUrl\":\"https:\\\/\\\/secure.gravatar.com\\\/avatar\\\/2d56631644e147d11ac518db1c44c235a10da750a3ba84297045be1b069c83f3?s=96&d=mm&r=g\",\"caption\":\"rob\"},\"url\":\"https:\\\/\\\/magazine.belgiancycling.be\\\/fr\\\/author\\\/rob\\\/\"}]}<\/script>\n<!-- \/ Yoast SEO plugin. -->","yoast_head_json":{"title":"Women Cycling Series | Belgian Cycling","description":"Quid si vous \u00eates passionn\u00e9 par le cyclisme, mais que vous n\u2019entrez pas en ligne de compte pour rivaliser avec les meilleures coureuses du monde lors d\u2019une grande classique? Les Women Cycling Series peuvent satisfaire ce besoin.","robots":{"index":"index","follow":"follow","max-snippet":"max-snippet:-1","max-image-preview":"max-image-preview:large","max-video-preview":"max-video-preview:-1"},"canonical":"https:\/\/magazine.belgiancycling.be\/fr\/une-course-plus-chouette-pour-tous\/","og_locale":"fr_FR","og_type":"article","og_title":"Women Cycling Series | Belgian Cycling","og_description":"Quid si vous \u00eates passionn\u00e9 par le cyclisme, mais que vous n\u2019entrez pas en ligne de compte pour rivaliser avec les meilleures coureuses du monde lors d\u2019une grande classique? Les Women Cycling Series peuvent satisfaire ce besoin.","og_url":"https:\/\/magazine.belgiancycling.be\/fr\/une-course-plus-chouette-pour-tous\/","og_site_name":"Belgian Cycling","article_published_time":"2022-05-03T14:25:26+00:00","article_modified_time":"2022-05-03T14:26:11+00:00","og_image":[{"url":"https:\/\/magazine.belgiancycling.be\/wp-content\/uploads\/2022\/05\/Marie-VANDECASTEELE-02-1024x683.jpg","type":"","width":"","height":""}],"author":"rob","twitter_card":"summary_large_image","twitter_image":"https:\/\/magazine.belgiancycling.be\/wp-content\/uploads\/2022\/05\/Marie-VANDECASTEELE-02-1024x683.jpg","twitter_misc":{"\u00c9crit par":"rob","Dur\u00e9e de lecture estim\u00e9e":"5 minutes"},"schema":{"@context":"https:\/\/schema.org","@graph":[{"@type":"Article","@id":"https:\/\/magazine.belgiancycling.be\/fr\/une-course-plus-chouette-pour-tous\/#article","isPartOf":{"@id":"https:\/\/magazine.belgiancycling.be\/fr\/une-course-plus-chouette-pour-tous\/"},"author":{"name":"rob","@id":"https:\/\/magazine.belgiancycling.be\/fr\/#\/schema\/person\/4236137dfbd595cdb7e11946d5b70a27"},"headline":"Une course plus chouette pour tous","datePublished":"2022-05-03T14:25:26+00:00","dateModified":"2022-05-03T14:26:11+00:00","mainEntityOfPage":{"@id":"https:\/\/magazine.belgiancycling.be\/fr\/une-course-plus-chouette-pour-tous\/"},"wordCount":1010,"publisher":{"@id":"https:\/\/magazine.belgiancycling.be\/fr\/#organization"},"image":{"@id":"https:\/\/magazine.belgiancycling.be\/fr\/une-course-plus-chouette-pour-tous\/#primaryimage"},"thumbnailUrl":"https:\/\/magazine.belgiancycling.be\/wp-content\/uploads\/2022\/05\/Marie-VANDECASTEELE-02-scaled-e1651583430273.jpg","keywords":["fietsen","Cycling","Wielrennen","belgian cycling","Wielrennen","fietsen","Cycling","belgian cycling","wedstrijden"],"articleSection":["g\u00e9n\u00e9ral","highlights","Nouvelles"],"inLanguage":"fr-FR"},{"@type":"WebPage","@id":"https:\/\/magazine.belgiancycling.be\/fr\/une-course-plus-chouette-pour-tous\/","url":"https:\/\/magazine.belgiancycling.be\/fr\/une-course-plus-chouette-pour-tous\/","name":"Women Cycling Series | Belgian Cycling","isPartOf":{"@id":"https:\/\/magazine.belgiancycling.be\/fr\/#website"},"primaryImageOfPage":{"@id":"https:\/\/magazine.belgiancycling.be\/fr\/une-course-plus-chouette-pour-tous\/#primaryimage"},"image":{"@id":"https:\/\/magazine.belgiancycling.be\/fr\/une-course-plus-chouette-pour-tous\/#primaryimage"},"thumbnailUrl":"https:\/\/magazine.belgiancycling.be\/wp-content\/uploads\/2022\/05\/Marie-VANDECASTEELE-02-scaled-e1651583430273.jpg","datePublished":"2022-05-03T14:25:26+00:00","dateModified":"2022-05-03T14:26:11+00:00","description":"Quid si vous \u00eates passionn\u00e9 par le cyclisme, mais que vous n\u2019entrez pas en ligne de compte pour rivaliser avec les meilleures coureuses du monde lors d\u2019une grande classique? Les Women Cycling Series peuvent satisfaire ce besoin.","breadcrumb":{"@id":"https:\/\/magazine.belgiancycling.be\/fr\/une-course-plus-chouette-pour-tous\/#breadcrumb"},"inLanguage":"fr-FR","potentialAction":[{"@type":"ReadAction","target":["https:\/\/magazine.belgiancycling.be\/fr\/une-course-plus-chouette-pour-tous\/"]}]},{"@type":"ImageObject","inLanguage":"fr-FR","@id":"https:\/\/magazine.belgiancycling.be\/fr\/une-course-plus-chouette-pour-tous\/#primaryimage","url":"https:\/\/magazine.belgiancycling.be\/wp-content\/uploads\/2022\/05\/Marie-VANDECASTEELE-02-scaled-e1651583430273.jpg","contentUrl":"https:\/\/magazine.belgiancycling.be\/wp-content\/uploads\/2022\/05\/Marie-VANDECASTEELE-02-scaled-e1651583430273.jpg","width":2560,"height":1707,"caption":"200621 \/ Wielrennen \/ Waregem \/ BK weg \/ Dames U23 \/ Marie VANDECASTEELE"},{"@type":"BreadcrumbList","@id":"https:\/\/magazine.belgiancycling.be\/fr\/une-course-plus-chouette-pour-tous\/#breadcrumb","itemListElement":[{"@type":"ListItem","position":1,"name":"Home","item":"https:\/\/magazine.belgiancycling.be\/fr\/"},{"@type":"ListItem","position":2,"name":"Une course plus chouette pour tous"}]},{"@type":"WebSite","@id":"https:\/\/magazine.belgiancycling.be\/fr\/#website","url":"https:\/\/magazine.belgiancycling.be\/fr\/","name":"Belgian Cycling","description":"","publisher":{"@id":"https:\/\/magazine.belgiancycling.be\/fr\/#organization"},"potentialAction":[{"@type":"SearchAction","target":{"@type":"EntryPoint","urlTemplate":"https:\/\/magazine.belgiancycling.be\/fr\/?s={search_term_string}"},"query-input":{"@type":"PropertyValueSpecification","valueRequired":true,"valueName":"search_term_string"}}],"inLanguage":"fr-FR"},{"@type":"Organization","@id":"https:\/\/magazine.belgiancycling.be\/fr\/#organization","name":"Belgian Cycling","url":"https:\/\/magazine.belgiancycling.be\/fr\/","logo":{"@type":"ImageObject","inLanguage":"fr-FR","@id":"https:\/\/magazine.belgiancycling.be\/fr\/#\/schema\/logo\/image\/","url":"https:\/\/magazine.belgiancycling.be\/wp-content\/uploads\/2019\/04\/20190506_Logo-2.png","contentUrl":"https:\/\/magazine.belgiancycling.be\/wp-content\/uploads\/2019\/04\/20190506_Logo-2.png","width":750,"height":385,"caption":"Belgian Cycling"},"image":{"@id":"https:\/\/magazine.belgiancycling.be\/fr\/#\/schema\/logo\/image\/"}},{"@type":"Person","@id":"https:\/\/magazine.belgiancycling.be\/fr\/#\/schema\/person\/4236137dfbd595cdb7e11946d5b70a27","name":"rob","image":{"@type":"ImageObject","inLanguage":"fr-FR","@id":"https:\/\/secure.gravatar.com\/avatar\/2d56631644e147d11ac518db1c44c235a10da750a3ba84297045be1b069c83f3?s=96&d=mm&r=g","url":"https:\/\/secure.gravatar.com\/avatar\/2d56631644e147d11ac518db1c44c235a10da750a3ba84297045be1b069c83f3?s=96&d=mm&r=g","contentUrl":"https:\/\/secure.gravatar.com\/avatar\/2d56631644e147d11ac518db1c44c235a10da750a3ba84297045be1b069c83f3?s=96&d=mm&r=g","caption":"rob"},"url":"https:\/\/magazine.belgiancycling.be\/fr\/author\/rob\/"}]}},"_links":{"self":[{"href":"https:\/\/magazine.belgiancycling.be\/fr\/wp-json\/wp\/v2\/posts\/1846","targetHints":{"allow":["GET"]}}],"collection":[{"href":"https:\/\/magazine.belgiancycling.be\/fr\/wp-json\/wp\/v2\/posts"}],"about":[{"href":"https:\/\/magazine.belgiancycling.be\/fr\/wp-json\/wp\/v2\/types\/post"}],"author":[{"embeddable":true,"href":"https:\/\/magazine.belgiancycling.be\/fr\/wp-json\/wp\/v2\/users\/7"}],"replies":[{"embeddable":true,"href":"https:\/\/magazine.belgiancycling.be\/fr\/wp-json\/wp\/v2\/comments?post=1846"}],"version-history":[{"count":1,"href":"https:\/\/magazine.belgiancycling.be\/fr\/wp-json\/wp\/v2\/posts\/1846\/revisions"}],"predecessor-version":[{"id":1847,"href":"https:\/\/magazine.belgiancycling.be\/fr\/wp-json\/wp\/v2\/posts\/1846\/revisions\/1847"}],"wp:featuredmedia":[{"embeddable":true,"href":"https:\/\/magazine.belgiancycling.be\/fr\/wp-json\/wp\/v2\/media\/1844"}],"wp:attachment":[{"href":"https:\/\/magazine.belgiancycling.be\/fr\/wp-json\/wp\/v2\/media?parent=1846"}],"wp:term":[{"taxonomy":"category","embeddable":true,"href":"https:\/\/magazine.belgiancycling.be\/fr\/wp-json\/wp\/v2\/categories?post=1846"},{"taxonomy":"post_tag","embeddable":true,"href":"https:\/\/magazine.belgiancycling.be\/fr\/wp-json\/wp\/v2\/tags?post=1846"}],"curies":[{"name":"wp","href":"https:\/\/api.w.org\/{rel}","templated":true}]}}