{"id":1017,"date":"2020-06-03T14:27:13","date_gmt":"2020-06-03T14:27:13","guid":{"rendered":"https:\/\/magazine.belgiancycling.be\/?p=1017"},"modified":"2020-06-10T14:07:49","modified_gmt":"2020-06-10T14:07:49","slug":"ambitionner-a-des-prestations-maximales-belgian-cycling-entame-une-collaboration-de-longue-duree-avec-inscyd","status":"publish","type":"post","link":"https:\/\/magazine.belgiancycling.be\/fr\/ambitionner-a-des-prestations-maximales-belgian-cycling-entame-une-collaboration-de-longue-duree-avec-inscyd\/","title":{"rendered":"Ambitionner \u00e0 des prestations maximales : Belgian Cycling entame une collaboration de longue dur\u00e9e avec INSCYD"},"content":{"rendered":"<p><strong>INSCYD et Belgian Cycling viennent de signer un partenariat pour 4 ann\u00e9es. Cet accord se dirige vers toutes les disciplines de la f\u00e9d\u00e9ration. INSCYD soutient notamment le cyclisme sur route, le mountainbike, le cyclocross, le BMX et la piste dans son ambition d\u2019atteindre les prestations maximales.<\/strong><\/p>\n<p><strong>Formation professionnelle pour les entra\u00eeneurs<\/strong><\/p>\n<p>Apr\u00e8s un projet pilote de plusieurs mois, pendant lesquels la f\u00e9d\u00e9ration belge a pu tester amplement INSCYD, les coaches de Belgian Cycling pourront dor\u00e9navant travailler avec le logiciel de INSCYD afin de tester et \u00e9valuer les prestations de leurs athl\u00e8tes. De telle sorte, les coaches pourront \u00e9galement suivre le progr\u00e8s de mani\u00e8re d\u00e9taill\u00e9e et pratique. Afin d\u2019utiliser INSCYD de fa\u00e7on optimale, tous les coaches suivront une formation professionnelle donn\u00e9 par INSCYD et pourront b\u00e9n\u00e9ficier de conseil individuel.<\/p>\n<p>&#8220;Avec cette collaboration, nous \u00e9voluons vers un processus d\u2019am\u00e9lioration en mati\u00e8re de soutien optimal envers les athl\u00e8tes. Nous avons constat\u00e9 que bon nombre d\u2019entra\u00eeneurs personnels des coureurs travaillaient d\u00e9j\u00e0 avec INSCYD, c\u2019est pourquoi nous avons entam\u00e9 une phase pilote au sein de la f\u00e9d\u00e9ration afin d\u2019apprendre \u00e0 g\u00e9rer le logiciel. Cette phase de test a d\u00e9montr\u00e9 qu\u2018avec INSCYD on peut mettre en place une nouvelle pi\u00e8ce du puzzle aidant \u00e0 soutenir la prestation des coureurs. Nous sommes par cons\u00e9quent tr\u00e8s enthousiaste par rapport \u00e0 cette collaboration!\u201c dit Frederik Broch\u00e9, Directeur technique de Belgian Cycling.<\/p>\n<p><img decoding=\"async\" class=\"alignnone size-full wp-image-799\" src=\"https:\/\/magazine.belgiancycling.be\/wp-content\/uploads\/2020\/03\/FP_0023.jpg\" alt=\"\" width=\"2000\" height=\"1333\" srcset=\"https:\/\/magazine.belgiancycling.be\/wp-content\/uploads\/2020\/03\/FP_0023.jpg 2000w, https:\/\/magazine.belgiancycling.be\/wp-content\/uploads\/2020\/03\/FP_0023-300x200.jpg 300w, https:\/\/magazine.belgiancycling.be\/wp-content\/uploads\/2020\/03\/FP_0023-1024x682.jpg 1024w, https:\/\/magazine.belgiancycling.be\/wp-content\/uploads\/2020\/03\/FP_0023-1536x1024.jpg 1536w\" sizes=\"(max-width: 2000px) 100vw, 2000px\" \/><\/p>\n<p><strong>Mani\u00e8res flexibles d\u2019usage de donn\u00e9es <\/strong><\/p>\n<p>Le software de INSCYD apporte diff\u00e9rents avantages. Les coaches peuvent par exemple se partager et \u00e9valuer les donn\u00e9es collectives, m\u00eame \u00e0 grande distance. Par ailleurs, il est possible que le coach principal et le coordinateur d\u2019entra\u00eenement consultent les donn\u00e9es des athl\u00e8tes de Belgian Cycling, alors que les coaches des diff\u00e9rentes cat\u00e9gories et les entra\u00eeneurs individuels ont uniquement acc\u00e8s aux donn\u00e9es des leurs athl\u00e8tes respectifs.<\/p>\n<p><img decoding=\"async\" class=\"alignnone size-full wp-image-637\" src=\"https:\/\/magazine.belgiancycling.be\/wp-content\/uploads\/2020\/01\/FP_9953.jpg\" alt=\"\" width=\"1500\" height=\"1500\" srcset=\"https:\/\/magazine.belgiancycling.be\/wp-content\/uploads\/2020\/01\/FP_9953.jpg 1500w, https:\/\/magazine.belgiancycling.be\/wp-content\/uploads\/2020\/01\/FP_9953-300x300.jpg 300w, https:\/\/magazine.belgiancycling.be\/wp-content\/uploads\/2020\/01\/FP_9953-1024x1024.jpg 1024w, https:\/\/magazine.belgiancycling.be\/wp-content\/uploads\/2020\/01\/FP_9953-150x150.jpg 150w, https:\/\/magazine.belgiancycling.be\/wp-content\/uploads\/2020\/01\/FP_9953-350x350.jpg 350w, https:\/\/magazine.belgiancycling.be\/wp-content\/uploads\/2020\/01\/FP_9953-600x600.jpg 600w\" sizes=\"(max-width: 1500px) 100vw, 1500px\" \/><\/p>\n<p><strong>Validation extr\u00eamement m\u00e9ticuleuse<\/strong><\/p>\n<p>En fusionnant les donn\u00e9es d\u2019un champs et d\u2019un laboratoire, la nouvelle et unique fonction nomm\u00e9e Power-Performance Decoder, permet aux coaches de Belgian Cycling de voir comment les diverses donn\u00e9es sont li\u00e9es ou peuvent \u00eatre per\u00e7ues comme entit\u00e9. De cette fa\u00e7on, le profil prestataire d\u2019un athl\u00e8te peut \u00eatre consid\u00e9r\u00e9 \u00e0 360 degr\u00e9s sans qu\u2019il ou elle doivent se pr\u00e9senter en personne pour un test en laboratoire. La pr\u00e9cision est garantie de fa\u00e7on tr\u00e8s m\u00e9ticuleuse \u00e0 base de 150 \u00e9tudes: des circonstances optimales pour faire le planning et le monitoring de l\u2019entra\u00eenement individuel du sportif, ce qui permet de faire livrer les prestations au juste moment. &#8220;Nous sommes ravis que les coaches et les athl\u00e8tes de la f\u00e9d\u00e9ration belge aient choisi INSCYD pour pr\u00e9parer les deux Jeux Olympiques \u00e0 venir &#8220;, dit Sebastian Weber, le leader du projet.<\/p>\n<p><strong>INSCYD <\/strong><\/p>\n<p><a href=\"https:\/\/www.inscyd.com\/\">INSCYD<\/a>, fond\u00e9 en 2015, est un logiciel repr\u00e9sentatif dans le monde scientifique. Il est utilis\u00e9 dans des grandes \u00e9quipes et f\u00e9d\u00e9rations, par des coaches de cyclisme, triathlon, natation, patinage et aviron. INSCYD a \u00e9t\u00e9 cit\u00e9 par Dennis Sandig de la F\u00e9d\u00e9ration allemande du Triathlon comme &#8216;la solution parfaite pour comprendre comment l\u2019entra\u00eenement influence l\u2019adaptation des syst\u00e8mes sp\u00e9cifiques de la physiologie&#8217;. INSCYD offre aux coaches et aux laboratoires un logiciel pour faire des tests de force, de lactate et de laboratoires (profile m\u00e9tabolisme).<\/p>\n<p>Photos: Facepeeters<\/p>\n","protected":false},"excerpt":{"rendered":"<p>INSCYD et Belgian Cycling viennent de signer un partenariat pour 4 ann\u00e9es. Cet accord se dirige vers toutes les disciplines de la f\u00e9d\u00e9ration. INSCYD soutient notamment le cyclisme sur route, le mountainbike, le cyclocross, le BMX et la piste dans son ambition d\u2019atteindre les prestations maximales. Formation professionnelle pour les entra\u00eeneurs Apr\u00e8s un projet pilote&#8230;<\/p>\n","protected":false},"author":7,"featured_media":1012,"comment_status":"closed","ping_status":"closed","sticky":false,"template":"","format":"standard","meta":{"_acf_changed":false,"footnotes":""},"categories":[24,31,23,25,12,28,32,27],"tags":[],"class_list":["post-1017","post","type-post","status-publish","format-standard","has-post-thumbnail","hentry","category-bmx-fr","category-cyclo-cross","category-general","category-highlights-fr","category-nouvelles","category-piste-fr","category-route","category-vtt"],"acf":[],"yoast_head":"<!-- This site is optimized with the Yoast SEO plugin v27.4 - https:\/\/yoast.com\/product\/yoast-seo-wordpress\/ -->\n<title>Ambitionner \u00e0 des prestations maximales : Belgian Cycling entame une collaboration de longue dur\u00e9e avec INSCYD - Belgian Cycling<\/title>\n<meta name=\"robots\" content=\"index, follow, max-snippet:-1, max-image-preview:large, max-video-preview:-1\" \/>\n<link rel=\"canonical\" href=\"https:\/\/magazine.belgiancycling.be\/fr\/ambitionner-a-des-prestations-maximales-belgian-cycling-entame-une-collaboration-de-longue-duree-avec-inscyd\/\" \/>\n<meta property=\"og:locale\" content=\"fr_FR\" \/>\n<meta property=\"og:type\" content=\"article\" \/>\n<meta property=\"og:title\" content=\"Ambitionner \u00e0 des prestations maximales : Belgian Cycling entame une collaboration de longue dur\u00e9e avec INSCYD - Belgian Cycling\" \/>\n<meta property=\"og:description\" content=\"INSCYD et Belgian Cycling viennent de signer un partenariat pour 4 ann\u00e9es. Cet accord se dirige vers toutes les disciplines de la f\u00e9d\u00e9ration. INSCYD soutient notamment le cyclisme sur route, le mountainbike, le cyclocross, le BMX et la piste dans son ambition d\u2019atteindre les prestations maximales. Formation professionnelle pour les entra\u00eeneurs Apr\u00e8s un projet pilote...\" \/>\n<meta property=\"og:url\" content=\"https:\/\/magazine.belgiancycling.be\/fr\/ambitionner-a-des-prestations-maximales-belgian-cycling-entame-une-collaboration-de-longue-duree-avec-inscyd\/\" \/>\n<meta property=\"og:site_name\" content=\"Belgian Cycling\" \/>\n<meta property=\"article:published_time\" content=\"2020-06-03T14:27:13+00:00\" \/>\n<meta property=\"article:modified_time\" content=\"2020-06-10T14:07:49+00:00\" \/>\n<meta property=\"og:image\" content=\"https:\/\/magazine.belgiancycling.be\/wp-content\/uploads\/2020\/06\/13063256_1214376601913334_6583977407662904909_o.jpg\" \/>\n\t<meta property=\"og:image:width\" content=\"1232\" \/>\n\t<meta property=\"og:image:height\" content=\"820\" \/>\n\t<meta property=\"og:image:type\" content=\"image\/jpeg\" \/>\n<meta name=\"author\" content=\"rob\" \/>\n<meta name=\"twitter:card\" content=\"summary_large_image\" \/>\n<meta name=\"twitter:label1\" content=\"\u00c9crit par\" \/>\n\t<meta name=\"twitter:data1\" content=\"rob\" \/>\n\t<meta name=\"twitter:label2\" content=\"Dur\u00e9e de lecture estim\u00e9e\" \/>\n\t<meta name=\"twitter:data2\" content=\"3 minutes\" \/>\n<script type=\"application\/ld+json\" class=\"yoast-schema-graph\">{\"@context\":\"https:\\\/\\\/schema.org\",\"@graph\":[{\"@type\":\"Article\",\"@id\":\"https:\\\/\\\/magazine.belgiancycling.be\\\/fr\\\/ambitionner-a-des-prestations-maximales-belgian-cycling-entame-une-collaboration-de-longue-duree-avec-inscyd\\\/#article\",\"isPartOf\":{\"@id\":\"https:\\\/\\\/magazine.belgiancycling.be\\\/fr\\\/ambitionner-a-des-prestations-maximales-belgian-cycling-entame-une-collaboration-de-longue-duree-avec-inscyd\\\/\"},\"author\":{\"name\":\"rob\",\"@id\":\"https:\\\/\\\/magazine.belgiancycling.be\\\/fr\\\/#\\\/schema\\\/person\\\/4236137dfbd595cdb7e11946d5b70a27\"},\"headline\":\"Ambitionner \u00e0 des prestations maximales : Belgian Cycling entame une collaboration de longue dur\u00e9e avec INSCYD\",\"datePublished\":\"2020-06-03T14:27:13+00:00\",\"dateModified\":\"2020-06-10T14:07:49+00:00\",\"mainEntityOfPage\":{\"@id\":\"https:\\\/\\\/magazine.belgiancycling.be\\\/fr\\\/ambitionner-a-des-prestations-maximales-belgian-cycling-entame-une-collaboration-de-longue-duree-avec-inscyd\\\/\"},\"wordCount\":606,\"publisher\":{\"@id\":\"https:\\\/\\\/magazine.belgiancycling.be\\\/fr\\\/#organization\"},\"image\":{\"@id\":\"https:\\\/\\\/magazine.belgiancycling.be\\\/fr\\\/ambitionner-a-des-prestations-maximales-belgian-cycling-entame-une-collaboration-de-longue-duree-avec-inscyd\\\/#primaryimage\"},\"thumbnailUrl\":\"https:\\\/\\\/magazine.belgiancycling.be\\\/wp-content\\\/uploads\\\/2020\\\/06\\\/13063256_1214376601913334_6583977407662904909_o.jpg\",\"articleSection\":[\"bmx\",\"cyclo-cross\",\"g\u00e9n\u00e9ral\",\"highlights\",\"Nouvelles\",\"piste\",\"route\",\"vtt\"],\"inLanguage\":\"fr-FR\"},{\"@type\":\"WebPage\",\"@id\":\"https:\\\/\\\/magazine.belgiancycling.be\\\/fr\\\/ambitionner-a-des-prestations-maximales-belgian-cycling-entame-une-collaboration-de-longue-duree-avec-inscyd\\\/\",\"url\":\"https:\\\/\\\/magazine.belgiancycling.be\\\/fr\\\/ambitionner-a-des-prestations-maximales-belgian-cycling-entame-une-collaboration-de-longue-duree-avec-inscyd\\\/\",\"name\":\"Ambitionner \u00e0 des prestations maximales : Belgian Cycling entame une collaboration de longue dur\u00e9e avec INSCYD - Belgian Cycling\",\"isPartOf\":{\"@id\":\"https:\\\/\\\/magazine.belgiancycling.be\\\/fr\\\/#website\"},\"primaryImageOfPage\":{\"@id\":\"https:\\\/\\\/magazine.belgiancycling.be\\\/fr\\\/ambitionner-a-des-prestations-maximales-belgian-cycling-entame-une-collaboration-de-longue-duree-avec-inscyd\\\/#primaryimage\"},\"image\":{\"@id\":\"https:\\\/\\\/magazine.belgiancycling.be\\\/fr\\\/ambitionner-a-des-prestations-maximales-belgian-cycling-entame-une-collaboration-de-longue-duree-avec-inscyd\\\/#primaryimage\"},\"thumbnailUrl\":\"https:\\\/\\\/magazine.belgiancycling.be\\\/wp-content\\\/uploads\\\/2020\\\/06\\\/13063256_1214376601913334_6583977407662904909_o.jpg\",\"datePublished\":\"2020-06-03T14:27:13+00:00\",\"dateModified\":\"2020-06-10T14:07:49+00:00\",\"breadcrumb\":{\"@id\":\"https:\\\/\\\/magazine.belgiancycling.be\\\/fr\\\/ambitionner-a-des-prestations-maximales-belgian-cycling-entame-une-collaboration-de-longue-duree-avec-inscyd\\\/#breadcrumb\"},\"inLanguage\":\"fr-FR\",\"potentialAction\":[{\"@type\":\"ReadAction\",\"target\":[\"https:\\\/\\\/magazine.belgiancycling.be\\\/fr\\\/ambitionner-a-des-prestations-maximales-belgian-cycling-entame-une-collaboration-de-longue-duree-avec-inscyd\\\/\"]}]},{\"@type\":\"ImageObject\",\"inLanguage\":\"fr-FR\",\"@id\":\"https:\\\/\\\/magazine.belgiancycling.be\\\/fr\\\/ambitionner-a-des-prestations-maximales-belgian-cycling-entame-une-collaboration-de-longue-duree-avec-inscyd\\\/#primaryimage\",\"url\":\"https:\\\/\\\/magazine.belgiancycling.be\\\/wp-content\\\/uploads\\\/2020\\\/06\\\/13063256_1214376601913334_6583977407662904909_o.jpg\",\"contentUrl\":\"https:\\\/\\\/magazine.belgiancycling.be\\\/wp-content\\\/uploads\\\/2020\\\/06\\\/13063256_1214376601913334_6583977407662904909_o.jpg\",\"width\":1232,\"height\":820},{\"@type\":\"BreadcrumbList\",\"@id\":\"https:\\\/\\\/magazine.belgiancycling.be\\\/fr\\\/ambitionner-a-des-prestations-maximales-belgian-cycling-entame-une-collaboration-de-longue-duree-avec-inscyd\\\/#breadcrumb\",\"itemListElement\":[{\"@type\":\"ListItem\",\"position\":1,\"name\":\"Home\",\"item\":\"https:\\\/\\\/magazine.belgiancycling.be\\\/fr\\\/\"},{\"@type\":\"ListItem\",\"position\":2,\"name\":\"Ambitionner \u00e0 des prestations maximales : Belgian Cycling entame une collaboration de longue dur\u00e9e avec INSCYD\"}]},{\"@type\":\"WebSite\",\"@id\":\"https:\\\/\\\/magazine.belgiancycling.be\\\/fr\\\/#website\",\"url\":\"https:\\\/\\\/magazine.belgiancycling.be\\\/fr\\\/\",\"name\":\"Belgian Cycling\",\"description\":\"\",\"publisher\":{\"@id\":\"https:\\\/\\\/magazine.belgiancycling.be\\\/fr\\\/#organization\"},\"potentialAction\":[{\"@type\":\"SearchAction\",\"target\":{\"@type\":\"EntryPoint\",\"urlTemplate\":\"https:\\\/\\\/magazine.belgiancycling.be\\\/fr\\\/?s={search_term_string}\"},\"query-input\":{\"@type\":\"PropertyValueSpecification\",\"valueRequired\":true,\"valueName\":\"search_term_string\"}}],\"inLanguage\":\"fr-FR\"},{\"@type\":\"Organization\",\"@id\":\"https:\\\/\\\/magazine.belgiancycling.be\\\/fr\\\/#organization\",\"name\":\"Belgian Cycling\",\"url\":\"https:\\\/\\\/magazine.belgiancycling.be\\\/fr\\\/\",\"logo\":{\"@type\":\"ImageObject\",\"inLanguage\":\"fr-FR\",\"@id\":\"https:\\\/\\\/magazine.belgiancycling.be\\\/fr\\\/#\\\/schema\\\/logo\\\/image\\\/\",\"url\":\"https:\\\/\\\/magazine.belgiancycling.be\\\/wp-content\\\/uploads\\\/2019\\\/04\\\/20190506_Logo-2.png\",\"contentUrl\":\"https:\\\/\\\/magazine.belgiancycling.be\\\/wp-content\\\/uploads\\\/2019\\\/04\\\/20190506_Logo-2.png\",\"width\":750,\"height\":385,\"caption\":\"Belgian Cycling\"},\"image\":{\"@id\":\"https:\\\/\\\/magazine.belgiancycling.be\\\/fr\\\/#\\\/schema\\\/logo\\\/image\\\/\"}},{\"@type\":\"Person\",\"@id\":\"https:\\\/\\\/magazine.belgiancycling.be\\\/fr\\\/#\\\/schema\\\/person\\\/4236137dfbd595cdb7e11946d5b70a27\",\"name\":\"rob\",\"image\":{\"@type\":\"ImageObject\",\"inLanguage\":\"fr-FR\",\"@id\":\"https:\\\/\\\/secure.gravatar.com\\\/avatar\\\/2d56631644e147d11ac518db1c44c235a10da750a3ba84297045be1b069c83f3?s=96&d=mm&r=g\",\"url\":\"https:\\\/\\\/secure.gravatar.com\\\/avatar\\\/2d56631644e147d11ac518db1c44c235a10da750a3ba84297045be1b069c83f3?s=96&d=mm&r=g\",\"contentUrl\":\"https:\\\/\\\/secure.gravatar.com\\\/avatar\\\/2d56631644e147d11ac518db1c44c235a10da750a3ba84297045be1b069c83f3?s=96&d=mm&r=g\",\"caption\":\"rob\"},\"url\":\"https:\\\/\\\/magazine.belgiancycling.be\\\/fr\\\/author\\\/rob\\\/\"}]}<\/script>\n<!-- \/ Yoast SEO plugin. -->","yoast_head_json":{"title":"Ambitionner \u00e0 des prestations maximales : Belgian Cycling entame une collaboration de longue dur\u00e9e avec INSCYD - Belgian Cycling","robots":{"index":"index","follow":"follow","max-snippet":"max-snippet:-1","max-image-preview":"max-image-preview:large","max-video-preview":"max-video-preview:-1"},"canonical":"https:\/\/magazine.belgiancycling.be\/fr\/ambitionner-a-des-prestations-maximales-belgian-cycling-entame-une-collaboration-de-longue-duree-avec-inscyd\/","og_locale":"fr_FR","og_type":"article","og_title":"Ambitionner \u00e0 des prestations maximales : Belgian Cycling entame une collaboration de longue dur\u00e9e avec INSCYD - Belgian Cycling","og_description":"INSCYD et Belgian Cycling viennent de signer un partenariat pour 4 ann\u00e9es. Cet accord se dirige vers toutes les disciplines de la f\u00e9d\u00e9ration. INSCYD soutient notamment le cyclisme sur route, le mountainbike, le cyclocross, le BMX et la piste dans son ambition d\u2019atteindre les prestations maximales. Formation professionnelle pour les entra\u00eeneurs Apr\u00e8s un projet pilote...","og_url":"https:\/\/magazine.belgiancycling.be\/fr\/ambitionner-a-des-prestations-maximales-belgian-cycling-entame-une-collaboration-de-longue-duree-avec-inscyd\/","og_site_name":"Belgian Cycling","article_published_time":"2020-06-03T14:27:13+00:00","article_modified_time":"2020-06-10T14:07:49+00:00","og_image":[{"width":1232,"height":820,"url":"https:\/\/magazine.belgiancycling.be\/wp-content\/uploads\/2020\/06\/13063256_1214376601913334_6583977407662904909_o.jpg","type":"image\/jpeg"}],"author":"rob","twitter_card":"summary_large_image","twitter_misc":{"\u00c9crit par":"rob","Dur\u00e9e de lecture estim\u00e9e":"3 minutes"},"schema":{"@context":"https:\/\/schema.org","@graph":[{"@type":"Article","@id":"https:\/\/magazine.belgiancycling.be\/fr\/ambitionner-a-des-prestations-maximales-belgian-cycling-entame-une-collaboration-de-longue-duree-avec-inscyd\/#article","isPartOf":{"@id":"https:\/\/magazine.belgiancycling.be\/fr\/ambitionner-a-des-prestations-maximales-belgian-cycling-entame-une-collaboration-de-longue-duree-avec-inscyd\/"},"author":{"name":"rob","@id":"https:\/\/magazine.belgiancycling.be\/fr\/#\/schema\/person\/4236137dfbd595cdb7e11946d5b70a27"},"headline":"Ambitionner \u00e0 des prestations maximales : Belgian Cycling entame une collaboration de longue dur\u00e9e avec INSCYD","datePublished":"2020-06-03T14:27:13+00:00","dateModified":"2020-06-10T14:07:49+00:00","mainEntityOfPage":{"@id":"https:\/\/magazine.belgiancycling.be\/fr\/ambitionner-a-des-prestations-maximales-belgian-cycling-entame-une-collaboration-de-longue-duree-avec-inscyd\/"},"wordCount":606,"publisher":{"@id":"https:\/\/magazine.belgiancycling.be\/fr\/#organization"},"image":{"@id":"https:\/\/magazine.belgiancycling.be\/fr\/ambitionner-a-des-prestations-maximales-belgian-cycling-entame-une-collaboration-de-longue-duree-avec-inscyd\/#primaryimage"},"thumbnailUrl":"https:\/\/magazine.belgiancycling.be\/wp-content\/uploads\/2020\/06\/13063256_1214376601913334_6583977407662904909_o.jpg","articleSection":["bmx","cyclo-cross","g\u00e9n\u00e9ral","highlights","Nouvelles","piste","route","vtt"],"inLanguage":"fr-FR"},{"@type":"WebPage","@id":"https:\/\/magazine.belgiancycling.be\/fr\/ambitionner-a-des-prestations-maximales-belgian-cycling-entame-une-collaboration-de-longue-duree-avec-inscyd\/","url":"https:\/\/magazine.belgiancycling.be\/fr\/ambitionner-a-des-prestations-maximales-belgian-cycling-entame-une-collaboration-de-longue-duree-avec-inscyd\/","name":"Ambitionner \u00e0 des prestations maximales : Belgian Cycling entame une collaboration de longue dur\u00e9e avec INSCYD - Belgian Cycling","isPartOf":{"@id":"https:\/\/magazine.belgiancycling.be\/fr\/#website"},"primaryImageOfPage":{"@id":"https:\/\/magazine.belgiancycling.be\/fr\/ambitionner-a-des-prestations-maximales-belgian-cycling-entame-une-collaboration-de-longue-duree-avec-inscyd\/#primaryimage"},"image":{"@id":"https:\/\/magazine.belgiancycling.be\/fr\/ambitionner-a-des-prestations-maximales-belgian-cycling-entame-une-collaboration-de-longue-duree-avec-inscyd\/#primaryimage"},"thumbnailUrl":"https:\/\/magazine.belgiancycling.be\/wp-content\/uploads\/2020\/06\/13063256_1214376601913334_6583977407662904909_o.jpg","datePublished":"2020-06-03T14:27:13+00:00","dateModified":"2020-06-10T14:07:49+00:00","breadcrumb":{"@id":"https:\/\/magazine.belgiancycling.be\/fr\/ambitionner-a-des-prestations-maximales-belgian-cycling-entame-une-collaboration-de-longue-duree-avec-inscyd\/#breadcrumb"},"inLanguage":"fr-FR","potentialAction":[{"@type":"ReadAction","target":["https:\/\/magazine.belgiancycling.be\/fr\/ambitionner-a-des-prestations-maximales-belgian-cycling-entame-une-collaboration-de-longue-duree-avec-inscyd\/"]}]},{"@type":"ImageObject","inLanguage":"fr-FR","@id":"https:\/\/magazine.belgiancycling.be\/fr\/ambitionner-a-des-prestations-maximales-belgian-cycling-entame-une-collaboration-de-longue-duree-avec-inscyd\/#primaryimage","url":"https:\/\/magazine.belgiancycling.be\/wp-content\/uploads\/2020\/06\/13063256_1214376601913334_6583977407662904909_o.jpg","contentUrl":"https:\/\/magazine.belgiancycling.be\/wp-content\/uploads\/2020\/06\/13063256_1214376601913334_6583977407662904909_o.jpg","width":1232,"height":820},{"@type":"BreadcrumbList","@id":"https:\/\/magazine.belgiancycling.be\/fr\/ambitionner-a-des-prestations-maximales-belgian-cycling-entame-une-collaboration-de-longue-duree-avec-inscyd\/#breadcrumb","itemListElement":[{"@type":"ListItem","position":1,"name":"Home","item":"https:\/\/magazine.belgiancycling.be\/fr\/"},{"@type":"ListItem","position":2,"name":"Ambitionner \u00e0 des prestations maximales : Belgian Cycling entame une collaboration de longue dur\u00e9e avec INSCYD"}]},{"@type":"WebSite","@id":"https:\/\/magazine.belgiancycling.be\/fr\/#website","url":"https:\/\/magazine.belgiancycling.be\/fr\/","name":"Belgian Cycling","description":"","publisher":{"@id":"https:\/\/magazine.belgiancycling.be\/fr\/#organization"},"potentialAction":[{"@type":"SearchAction","target":{"@type":"EntryPoint","urlTemplate":"https:\/\/magazine.belgiancycling.be\/fr\/?s={search_term_string}"},"query-input":{"@type":"PropertyValueSpecification","valueRequired":true,"valueName":"search_term_string"}}],"inLanguage":"fr-FR"},{"@type":"Organization","@id":"https:\/\/magazine.belgiancycling.be\/fr\/#organization","name":"Belgian Cycling","url":"https:\/\/magazine.belgiancycling.be\/fr\/","logo":{"@type":"ImageObject","inLanguage":"fr-FR","@id":"https:\/\/magazine.belgiancycling.be\/fr\/#\/schema\/logo\/image\/","url":"https:\/\/magazine.belgiancycling.be\/wp-content\/uploads\/2019\/04\/20190506_Logo-2.png","contentUrl":"https:\/\/magazine.belgiancycling.be\/wp-content\/uploads\/2019\/04\/20190506_Logo-2.png","width":750,"height":385,"caption":"Belgian Cycling"},"image":{"@id":"https:\/\/magazine.belgiancycling.be\/fr\/#\/schema\/logo\/image\/"}},{"@type":"Person","@id":"https:\/\/magazine.belgiancycling.be\/fr\/#\/schema\/person\/4236137dfbd595cdb7e11946d5b70a27","name":"rob","image":{"@type":"ImageObject","inLanguage":"fr-FR","@id":"https:\/\/secure.gravatar.com\/avatar\/2d56631644e147d11ac518db1c44c235a10da750a3ba84297045be1b069c83f3?s=96&d=mm&r=g","url":"https:\/\/secure.gravatar.com\/avatar\/2d56631644e147d11ac518db1c44c235a10da750a3ba84297045be1b069c83f3?s=96&d=mm&r=g","contentUrl":"https:\/\/secure.gravatar.com\/avatar\/2d56631644e147d11ac518db1c44c235a10da750a3ba84297045be1b069c83f3?s=96&d=mm&r=g","caption":"rob"},"url":"https:\/\/magazine.belgiancycling.be\/fr\/author\/rob\/"}]}},"_links":{"self":[{"href":"https:\/\/magazine.belgiancycling.be\/fr\/wp-json\/wp\/v2\/posts\/1017","targetHints":{"allow":["GET"]}}],"collection":[{"href":"https:\/\/magazine.belgiancycling.be\/fr\/wp-json\/wp\/v2\/posts"}],"about":[{"href":"https:\/\/magazine.belgiancycling.be\/fr\/wp-json\/wp\/v2\/types\/post"}],"author":[{"embeddable":true,"href":"https:\/\/magazine.belgiancycling.be\/fr\/wp-json\/wp\/v2\/users\/7"}],"replies":[{"embeddable":true,"href":"https:\/\/magazine.belgiancycling.be\/fr\/wp-json\/wp\/v2\/comments?post=1017"}],"version-history":[{"count":1,"href":"https:\/\/magazine.belgiancycling.be\/fr\/wp-json\/wp\/v2\/posts\/1017\/revisions"}],"predecessor-version":[{"id":1018,"href":"https:\/\/magazine.belgiancycling.be\/fr\/wp-json\/wp\/v2\/posts\/1017\/revisions\/1018"}],"wp:featuredmedia":[{"embeddable":true,"href":"https:\/\/magazine.belgiancycling.be\/fr\/wp-json\/wp\/v2\/media\/1012"}],"wp:attachment":[{"href":"https:\/\/magazine.belgiancycling.be\/fr\/wp-json\/wp\/v2\/media?parent=1017"}],"wp:term":[{"taxonomy":"category","embeddable":true,"href":"https:\/\/magazine.belgiancycling.be\/fr\/wp-json\/wp\/v2\/categories?post=1017"},{"taxonomy":"post_tag","embeddable":true,"href":"https:\/\/magazine.belgiancycling.be\/fr\/wp-json\/wp\/v2\/tags?post=1017"}],"curies":[{"name":"wp","href":"https:\/\/api.w.org\/{rel}","templated":true}]}}